{"id":6212,"date":"2016-09-19T16:10:50","date_gmt":"2016-09-19T16:10:50","guid":{"rendered":""},"modified":"2016-09-19T16:10:50","modified_gmt":"2016-09-19T16:10:50","slug":"2016-esta-camino-de-convertirse-en-el-ano-mas-caliente-de-la-historia","status":"publish","type":"post","link":"https:\/\/sertv.gob.pa\/crisolfm\/2016-esta-camino-de-convertirse-en-el-ano-mas-caliente-de-la-historia\/","title":{"rendered":"2016 est\u00e1 camino de convertirse en el a\u00f1o m\u00e1s caliente de la historia"},"content":{"rendered":"<p>\nLa Organizaci\u00f3n Meteorol\u00f3gica Mundial (OMM) advirti\u00f3 que 2016 est\u00e1 en camino de convertirse en el a\u00f1o m\u00e1s caliente que se haya registrado en la historia, con temperaturas extremadamente altas.<br \/>\n\u00a0 <\/p>\n<p>\u00abHemos sido testigos de un prolongado periodo de extraordinario calor y todo indica que esto se convertir\u00e1 en la nueva norma\u00bb, sostuvo el secretario general de la OMM, Petteri Taalas, al apuntar que se han observado niveles inusualmente altos de concentraci\u00f3n de di\u00f3xido de carbono y se han roto r\u00e9cords de temperatura.<br \/>\n\u00a0 <\/p>\n<p>Esta situaci\u00f3n y el calentamiento de los oc\u00e9anos ha acelerado el blanqueamiento de los arrecifes de corales, record\u00f3.<br \/>\n\u00a0 <\/p>\n<p>\u00abLa temporada excepcionalmente larga de calentamiento global continu\u00f3 en agosto, que fue el m\u00e1s caliente en registros tanto en la superficie terrestre como en los oc\u00e9anos\u00bb, agreg\u00f3 la portavoz de la OMM, Claire Nullis, bas\u00e1ndose en datos de la NASA y del Centro Europeo para las Previsiones Meteorol\u00f3gicas a Mediano Plazo.<br \/>\n\u00a0 <\/p>\n<p>Adem\u00e1s, seg\u00fan los \u00faltimos datos, la superficie de hielo en el \u00c1rtico alcanz\u00f3 su m\u00ednima extensi\u00f3n durante el verano (boreal) el pasado d\u00eda 10 de septiembre, con lo que fue la segunda m\u00e1s reducida desde hace 37 a\u00f1os, cuando comenzaron los registros por sat\u00e9lite.<br \/>\nEsa superficie es comparable con la observada en el mismo periodo de 2007.<br \/>\n\u00a0 <\/p>\n<p>\u00a0 <\/p>\n","protected":false},"excerpt":{"rendered":"<p>La Organizaci\u00f3n Meteorol\u00f3gica Mundial (OMM) advirti\u00f3 que 2016 est\u00e1 en <a href=\"https:\/\/sertv.gob.pa\/crisolfm\/2016-esta-camino-de-convertirse-en-el-ano-mas-caliente-de-la-historia\/\"> [&#8230;]<\/a><\/p>\n","protected":false},"author":1,"featured_media":6213,"comment_status":"closed","ping_status":"closed","sticky":false,"template":"","format":"standard","meta":{"footnotes":""},"categories":[7],"tags":[],"class_list":["post-6212","post","type-post","status-publish","format-standard","has-post-thumbnail","hentry","category-ecologicas"],"_links":{"self":[{"href":"https:\/\/sertv.gob.pa\/crisolfm\/wp-json\/wp\/v2\/posts\/6212","targetHints":{"allow":["GET"]}}],"collection":[{"href":"https:\/\/sertv.gob.pa\/crisolfm\/wp-json\/wp\/v2\/posts"}],"about":[{"href":"https:\/\/sertv.gob.pa\/crisolfm\/wp-json\/wp\/v2\/types\/post"}],"author":[{"embeddable":true,"href":"https:\/\/sertv.gob.pa\/crisolfm\/wp-json\/wp\/v2\/users\/1"}],"replies":[{"embeddable":true,"href":"https:\/\/sertv.gob.pa\/crisolfm\/wp-json\/wp\/v2\/comments?post=6212"}],"version-history":[{"count":0,"href":"https:\/\/sertv.gob.pa\/crisolfm\/wp-json\/wp\/v2\/posts\/6212\/revisions"}],"wp:featuredmedia":[{"embeddable":true,"href":"https:\/\/sertv.gob.pa\/crisolfm\/wp-json\/wp\/v2\/media\/6213"}],"wp:attachment":[{"href":"https:\/\/sertv.gob.pa\/crisolfm\/wp-json\/wp\/v2\/media?parent=6212"}],"wp:term":[{"taxonomy":"category","embeddable":true,"href":"https:\/\/sertv.gob.pa\/crisolfm\/wp-json\/wp\/v2\/categories?post=6212"},{"taxonomy":"post_tag","embeddable":true,"href":"https:\/\/sertv.gob.pa\/crisolfm\/wp-json\/wp\/v2\/tags?post=6212"}],"curies":[{"name":"wp","href":"https:\/\/api.w.org\/{rel}","templated":true}]}}