{"id":62136,"date":"2024-06-11T15:10:25","date_gmt":"2024-06-11T15:10:25","guid":{"rendered":"https:\/\/sertv.gob.pa\/crisolfm\/?p=62136"},"modified":"2024-06-11T15:10:25","modified_gmt":"2024-06-11T15:10:25","slug":"cancilleria-actualiza-su-manual-para-situaciones-en-casos-de-desastres","status":"publish","type":"post","link":"https:\/\/sertv.gob.pa\/crisolfm\/cancilleria-actualiza-su-manual-para-situaciones-en-casos-de-desastres\/","title":{"rendered":"Canciller\u00eda actualiza su manual para situaciones en casos de desastres"},"content":{"rendered":"<p><strong><em>En Panam\u00e1, la Viceministra Yill Del Carmen Otero, recibi\u00f3 la actualizaci\u00f3n del Manual para Situaciones en Casos de Desastres y Crisis Humanitarias, como parte del proceso de implementaci\u00f3n del Marco de Sendai, el convenio de las Naciones Unidas para aumentar la resiliencia de las naciones y comunidades ante los desastres.<\/em><\/strong><\/p>\n<p><strong><em>El equipo del Departamento de Medio Ambiente y Cambio Clim\u00e1tico de la Direcci\u00f3n de Organismos y Conferencias Internacionales, actualiz\u00f3 este importante documento a ra\u00edz de la ejecuci\u00f3n del III Simulacro Regional de Respuesta a Desastres y Asistencia Humanitaria.\u00a0 Este fue ejercicio de entrenamiento masivo regional con el objetivo de fortalecer la preparaci\u00f3n y coordinaci\u00f3n de los equipos de respuesta ante emergencias y desastres naturales.<\/em><\/strong><\/p>\n<p><strong><em>En este Simulacro se identificaron \u00e1reas a fortalecer, como: la capacidad de respuesta de la regi\u00f3n y fomentar la conciencia sobre la importancia de la preparaci\u00f3n ante situaciones de emergencia. Tambi\u00e9n, se pusieron a prueba las capacidades de los equipos de respuesta, as\u00ed como la eficacia de los protocolos y procedimientos de emergencia establecidos.<\/em><\/strong><\/p>\n<p><strong><em>Este trabajo liderizado por Ingeniero Ariel Humberto Gonz\u00e1lez de la jefatura de Medio Ambiente y Cambio Clim\u00e1tico de la Direcci\u00f3n de Organismos y Conferencias Internacionales fue presentado a la Viceministra Otero por la directora de Organismos y Conferencias Internacionales; Siurania Elizabeth Mirones, Eliana Ordenes Brugiati, Julio Tejada y Susana Reyes.<\/em><\/strong><\/p>\n<p><strong><em>\u00a0<\/em><\/strong><\/p>\n<p>Fuente: MIRE<\/p>\n","protected":false},"excerpt":{"rendered":"<p>En Panam\u00e1, la Viceministra Yill Del Carmen Otero, recibi\u00f3 la <a href=\"https:\/\/sertv.gob.pa\/crisolfm\/cancilleria-actualiza-su-manual-para-situaciones-en-casos-de-desastres\/\"> [&#8230;]<\/a><\/p>\n","protected":false},"author":9,"featured_media":62137,"comment_status":"closed","ping_status":"closed","sticky":false,"template":"","format":"standard","meta":{"footnotes":""},"categories":[12],"tags":[],"class_list":["post-62136","post","type-post","status-publish","format-standard","has-post-thumbnail","hentry","category-nacionales"],"_links":{"self":[{"href":"https:\/\/sertv.gob.pa\/crisolfm\/wp-json\/wp\/v2\/posts\/62136","targetHints":{"allow":["GET"]}}],"collection":[{"href":"https:\/\/sertv.gob.pa\/crisolfm\/wp-json\/wp\/v2\/posts"}],"about":[{"href":"https:\/\/sertv.gob.pa\/crisolfm\/wp-json\/wp\/v2\/types\/post"}],"author":[{"embeddable":true,"href":"https:\/\/sertv.gob.pa\/crisolfm\/wp-json\/wp\/v2\/users\/9"}],"replies":[{"embeddable":true,"href":"https:\/\/sertv.gob.pa\/crisolfm\/wp-json\/wp\/v2\/comments?post=62136"}],"version-history":[{"count":1,"href":"https:\/\/sertv.gob.pa\/crisolfm\/wp-json\/wp\/v2\/posts\/62136\/revisions"}],"predecessor-version":[{"id":62138,"href":"https:\/\/sertv.gob.pa\/crisolfm\/wp-json\/wp\/v2\/posts\/62136\/revisions\/62138"}],"wp:featuredmedia":[{"embeddable":true,"href":"https:\/\/sertv.gob.pa\/crisolfm\/wp-json\/wp\/v2\/media\/62137"}],"wp:attachment":[{"href":"https:\/\/sertv.gob.pa\/crisolfm\/wp-json\/wp\/v2\/media?parent=62136"}],"wp:term":[{"taxonomy":"category","embeddable":true,"href":"https:\/\/sertv.gob.pa\/crisolfm\/wp-json\/wp\/v2\/categories?post=62136"},{"taxonomy":"post_tag","embeddable":true,"href":"https:\/\/sertv.gob.pa\/crisolfm\/wp-json\/wp\/v2\/tags?post=62136"}],"curies":[{"name":"wp","href":"https:\/\/api.w.org\/{rel}","templated":true}]}}