{"id":62144,"date":"2024-06-11T15:56:53","date_gmt":"2024-06-11T15:56:53","guid":{"rendered":"https:\/\/sertv.gob.pa\/crisolfm\/?p=62144"},"modified":"2024-06-11T15:56:53","modified_gmt":"2024-06-11T15:56:53","slug":"celulitis-evitela-al-mejorar-su-estilo-de-vida","status":"publish","type":"post","link":"https:\/\/sertv.gob.pa\/crisolfm\/celulitis-evitela-al-mejorar-su-estilo-de-vida\/","title":{"rendered":"Celulitis, ev\u00edtela al mejorar su estilo de vida"},"content":{"rendered":"<div class=\"fusion-fullwidth fullwidth-box fusion-builder-row-1 fusion-flex-container has-pattern-background has-mask-background nonhundred-percent-fullwidth non-hundred-percent-height-scrolling\" style=\"--awb-border-radius-top-left:0px;--awb-border-radius-top-right:0px;--awb-border-radius-bottom-right:0px;--awb-border-radius-bottom-left:0px;--awb-flex-wrap:wrap;\" ><div class=\"fusion-builder-row fusion-row fusion-flex-align-items-flex-start fusion-flex-content-wrap\" style=\"max-width:1144px;margin-left: calc(-4% \/ 2 );margin-right: calc(-4% \/ 2 );\"><div class=\"fusion-layout-column fusion_builder_column fusion-builder-column-0 fusion_builder_column_1_1 1_1 fusion-flex-column\" style=\"--awb-bg-size:cover;--awb-width-large:100%;--awb-margin-top-large:0px;--awb-spacing-right-large:1.92%;--awb-margin-bottom-large:20px;--awb-spacing-left-large:1.92%;--awb-width-medium:100%;--awb-order-medium:0;--awb-spacing-right-medium:1.92%;--awb-spacing-left-medium:1.92%;--awb-width-small:100%;--awb-order-small:0;--awb-spacing-right-small:1.92%;--awb-spacing-left-small:1.92%;\"><div class=\"fusion-column-wrapper fusion-column-has-shadow fusion-flex-justify-content-flex-start fusion-content-layout-column\"><div class=\"fusion-text fusion-text-1\"><p><strong><em>Una situaci\u00f3n que puede afectar a las personas, donde juega un aspecto importante, los estilos de vida de cada uno<\/em><\/strong><strong><em>.<\/em><\/strong><\/p>\n<p><strong><em>La celulitis es el resultado de una acumulaci\u00f3n excesiva de c\u00e9lulas de grasa redondeadas o adipocitos bajo la piel, todas las personas tanto hombres como mujeres no escapan de ellas y se acent\u00faan\u00a0 m\u00e1s que todo en \u00e1reas como: muslo caderas y gl\u00fateos, esto forma peque\u00f1os bultitos o depresiones que dan un aspecto similar al de la piel de naranja, nombre como tambi\u00e9n se le conoce, explic\u00f3 la doctora Blanca Aracelys Somoza de la Policl\u00ednica\u00a0 \u201cDon Alejandro de la Guardia, Hijo\u201d.<\/em><\/strong><\/p>\n<p><strong><em>La doctora Somoza de Medicina General, \u00a0indic\u00f3\u00a0 que, hay motivos\u00a0 o situaciones por los cuales se\u00a0 forman\u00a0 celulitis, entre estos mencion\u00f3 la alimentaci\u00f3n, sedentarismo (falta de ejercicios), ingesta de hormonas, incluso el uso de ropa ajustada.<\/em><\/strong><\/p>\n<p><strong><em>Esta afecci\u00f3n, no est\u00e1 destinada a determinado grupo de personas como muchos consideran, ya que \u201cse les presenta a hombres y mujeres, obesos o delgados y j\u00f3venes o mayores, y es complicada para eliminar, no basta con realizar solo aer\u00f3bicos, lo mejor es hacer ejercicios regulares, esto activa la circulaci\u00f3n y reduce la concentraci\u00f3n de grasa\u201d, indic\u00f3\u00a0la doctora Somoza.\u00a0\u00a0<\/em><\/strong><\/p>\n<p><strong><em>En este aspecto, seg\u00fan diagn\u00f3sticos, la celulitis, se divide en grados, el I o leve, es blando tiene buen\u00a0 contenido de agua y poca depresi\u00f3n; grado II o moderado, la grasa es dura, el n\u00famero de hoyuelos o depresiones que aparecen aumente; y el grado III o severo, la grasa es muy s\u00f3lida, la piel est\u00e1 totalmente cubierta de hoyuelos.<\/em><\/strong><\/p>\n<p><strong><em><u>Recomendaciones<\/u><\/em><\/strong><\/p>\n<p><strong><em>La doctora Somoza,\u00a0sustent\u00f3 que, se pueden adquirir h\u00e1bitos saludables para cuando la afecci\u00f3n aparezca, su evoluci\u00f3n, sea lenta.<\/em><\/strong><\/p>\n<p><strong><em>Cualquier promesa para evitar la aparici\u00f3n, o en caso de tener o eliminar la celulitis de manera r\u00e1pida, \u201cmi consejo es que consulte con un especialista certificado antes de tomar medidas que lamentar\u201d, finaliz\u00f3 la doctora Somoza.<\/em><\/strong><\/p>\n<p><strong><em>\u00a0<\/em><\/strong><\/p>\n<p>Fuente: CSS<\/p>\n<\/div><div class=\"awb-gallery-wrapper awb-gallery-wrapper-1 button-span-no\" style=\"--more-btn-alignment:center;\"><div style=\"margin:-5px;--awb-bordersize:0px;\" class=\"fusion-gallery fusion-gallery-container fusion-grid-3 fusion-columns-total-2 fusion-gallery-layout-grid fusion-gallery-1\"><div style=\"padding:5px;\" class=\"fusion-grid-column fusion-gallery-column fusion-gallery-column-3 hover-type-none\"><div class=\"fusion-gallery-image\"><a href=\"https:\/\/sertv.gob.pa\/crisolfm\/wp-content\/uploads\/sites\/2\/2024\/06\/CELULITIS-1.jpg\" rel=\"noreferrer\" data-rel=\"iLightbox[gallery_image_1]\" class=\"fusion-lightbox\" target=\"_self\"><img decoding=\"async\" src=\"https:\/\/sertv.gob.pa\/crisolfm\/wp-content\/uploads\/sites\/2\/2024\/06\/CELULITIS-1.jpg\" width=\"640\" height=\"480\" alt=\"\" title=\"CELULITIS-1\" aria-label=\"CELULITIS-1\" class=\"img-responsive wp-image-62146\" srcset=\"https:\/\/sertv.gob.pa\/crisolfm\/wp-content\/uploads\/sites\/2\/2024\/06\/CELULITIS-1-200x150.jpg 200w, https:\/\/sertv.gob.pa\/crisolfm\/wp-content\/uploads\/sites\/2\/2024\/06\/CELULITIS-1-400x300.jpg 400w, https:\/\/sertv.gob.pa\/crisolfm\/wp-content\/uploads\/sites\/2\/2024\/06\/CELULITIS-1-600x450.jpg 600w, https:\/\/sertv.gob.pa\/crisolfm\/wp-content\/uploads\/sites\/2\/2024\/06\/CELULITIS-1.jpg 640w\" sizes=\"(min-width: 2200px) 100vw, (min-width: 784px) 363px, (min-width: 712px) 545px, (min-width: 640px) 712px, \" \/><\/a><\/div><\/div><div style=\"padding:5px;\" class=\"fusion-grid-column fusion-gallery-column fusion-gallery-column-3 hover-type-none\"><div class=\"fusion-gallery-image\"><a href=\"https:\/\/sertv.gob.pa\/crisolfm\/wp-content\/uploads\/sites\/2\/2024\/06\/CELULITIS-3.jpg\" rel=\"noreferrer\" data-rel=\"iLightbox[gallery_image_1]\" class=\"fusion-lightbox\" target=\"_self\"><img decoding=\"async\" src=\"https:\/\/sertv.gob.pa\/crisolfm\/wp-content\/uploads\/sites\/2\/2024\/06\/CELULITIS-3.jpg\" width=\"640\" height=\"426\" alt=\"\" title=\"CELULITIS-3\" aria-label=\"CELULITIS-3\" class=\"img-responsive wp-image-62147\" srcset=\"https:\/\/sertv.gob.pa\/crisolfm\/wp-content\/uploads\/sites\/2\/2024\/06\/CELULITIS-3-200x133.jpg 200w, https:\/\/sertv.gob.pa\/crisolfm\/wp-content\/uploads\/sites\/2\/2024\/06\/CELULITIS-3-400x266.jpg 400w, https:\/\/sertv.gob.pa\/crisolfm\/wp-content\/uploads\/sites\/2\/2024\/06\/CELULITIS-3-600x399.jpg 600w, https:\/\/sertv.gob.pa\/crisolfm\/wp-content\/uploads\/sites\/2\/2024\/06\/CELULITIS-3.jpg 640w\" sizes=\"(min-width: 2200px) 100vw, (min-width: 784px) 363px, (min-width: 712px) 545px, (min-width: 640px) 712px, \" \/><\/a><\/div><\/div><\/div><\/div><\/div><\/div><\/div><\/div>\n","protected":false},"excerpt":{"rendered":"","protected":false},"author":9,"featured_media":62145,"comment_status":"closed","ping_status":"closed","sticky":false,"template":"","format":"standard","meta":{"footnotes":""},"categories":[14],"tags":[],"class_list":["post-62144","post","type-post","status-publish","format-standard","has-post-thumbnail","hentry","category-salud"],"_links":{"self":[{"href":"https:\/\/sertv.gob.pa\/crisolfm\/wp-json\/wp\/v2\/posts\/62144","targetHints":{"allow":["GET"]}}],"collection":[{"href":"https:\/\/sertv.gob.pa\/crisolfm\/wp-json\/wp\/v2\/posts"}],"about":[{"href":"https:\/\/sertv.gob.pa\/crisolfm\/wp-json\/wp\/v2\/types\/post"}],"author":[{"embeddable":true,"href":"https:\/\/sertv.gob.pa\/crisolfm\/wp-json\/wp\/v2\/users\/9"}],"replies":[{"embeddable":true,"href":"https:\/\/sertv.gob.pa\/crisolfm\/wp-json\/wp\/v2\/comments?post=62144"}],"version-history":[{"count":1,"href":"https:\/\/sertv.gob.pa\/crisolfm\/wp-json\/wp\/v2\/posts\/62144\/revisions"}],"predecessor-version":[{"id":62148,"href":"https:\/\/sertv.gob.pa\/crisolfm\/wp-json\/wp\/v2\/posts\/62144\/revisions\/62148"}],"wp:featuredmedia":[{"embeddable":true,"href":"https:\/\/sertv.gob.pa\/crisolfm\/wp-json\/wp\/v2\/media\/62145"}],"wp:attachment":[{"href":"https:\/\/sertv.gob.pa\/crisolfm\/wp-json\/wp\/v2\/media?parent=62144"}],"wp:term":[{"taxonomy":"category","embeddable":true,"href":"https:\/\/sertv.gob.pa\/crisolfm\/wp-json\/wp\/v2\/categories?post=62144"},{"taxonomy":"post_tag","embeddable":true,"href":"https:\/\/sertv.gob.pa\/crisolfm\/wp-json\/wp\/v2\/tags?post=62144"}],"curies":[{"name":"wp","href":"https:\/\/api.w.org\/{rel}","templated":true}]}}