{"id":62155,"date":"2024-06-11T18:34:03","date_gmt":"2024-06-11T18:34:03","guid":{"rendered":"https:\/\/sertv.gob.pa\/crisolfm\/?p=62155"},"modified":"2024-06-11T18:34:03","modified_gmt":"2024-06-11T18:34:03","slug":"piden-reforzar-medidas-de-bioseguridad-por-alta-incidencia-de-casos-respiratorios","status":"publish","type":"post","link":"https:\/\/sertv.gob.pa\/crisolfm\/piden-reforzar-medidas-de-bioseguridad-por-alta-incidencia-de-casos-respiratorios\/","title":{"rendered":"Piden reforzar medidas de bioseguridad por alta incidencia de casos respiratorios"},"content":{"rendered":"<p><strong><em>Casos respiratorios y gastroenteritis son las principales patolog\u00edas reportadas en la consulta de la Policl\u00ednica \u201cDr. Blas Daniel G\u00f3mez Chetro\u201d, ubicada en el distrito de Arraij\u00e1n, correspondiente a la semana epidemiol\u00f3gica n\u00famero 22 (26 de mayo al 1 de junio).<\/em><\/strong><\/p>\n<p><strong><em>A la fecha, se contabilizan 5 219 casos de gastroenteritis, 2 404 s\u00edndrome gripal, 6 487 resfriado com\u00fan, 1 160 asma y 1 202 casos de rinofaringitis.<\/em><\/strong><\/p>\n<p><strong><em>El Programa de Epidemiolog\u00eda de la policl\u00ednica mantiene un monitoreo permanente en las distintas comunidades de su responsabilidad para el an\u00e1lisis de los casos reportados y su notificaci\u00f3n.<\/em><\/strong><\/p>\n<p><strong><em>La vacunaci\u00f3n en las diferentes salas de espera de la instalaci\u00f3n, centros educativos y centros comerciales por parte del personal de enfermer\u00eda as\u00ed, como la docencia, orientaciones individuales acerca de la influenza, lavado de manos y mejora en el diagn\u00f3stico por parte del personal m\u00e9dico son parte de las estrategias que desarrolla el personal de salud manifest\u00f3 el Dr. H\u00e9ctor Navarro, m\u00e9dico coordinador del programa.<\/em><\/strong><\/p>\n<p><strong><em>\u201cEl aumento de circulaci\u00f3n de virus respiratorios son propios de la \u00e9poca\u201d, sin embargo; como personal de salud implementamos estrategias de vigilancia estricta para el monitoreo y seguimiento de casos en el corregimiento de Arraij\u00e1n cabecera como se indica en el protocolo, precis\u00f3.<\/em><\/strong><\/p>\n<p><strong><em>En cuanto a los casos de dengue en el sector, en las \u00faltimas semanas epidemiol\u00f3gicas, se ha registrado una disminuci\u00f3n en el n\u00famero de casos confirmados que, para el mes de mayo, se registr\u00f3 13 nuevos casos.<\/em><\/strong><\/p>\n<p><strong><em>Como recomendaci\u00f3n -el doctor Navarro- insisti\u00f3 en \u201cno bajar la guardia\u201d y reforzar las medidas de bioseguridad establecidas como m\u00e9todo preventivo.<\/em><\/strong><\/p>\n<p>&nbsp;<\/p>\n<p>Fuente: CSS<\/p>\n<p><strong><em>\u00a0<\/em><\/strong><\/p>\n<p><strong><em>\u00a0<\/em><\/strong><\/p>\n","protected":false},"excerpt":{"rendered":"<p>Casos respiratorios y gastroenteritis son las principales patolog\u00edas reportadas en <a href=\"https:\/\/sertv.gob.pa\/crisolfm\/piden-reforzar-medidas-de-bioseguridad-por-alta-incidencia-de-casos-respiratorios\/\"> [&#8230;]<\/a><\/p>\n","protected":false},"author":9,"featured_media":62156,"comment_status":"closed","ping_status":"closed","sticky":false,"template":"","format":"standard","meta":{"footnotes":""},"categories":[14],"tags":[],"class_list":["post-62155","post","type-post","status-publish","format-standard","has-post-thumbnail","hentry","category-salud"],"_links":{"self":[{"href":"https:\/\/sertv.gob.pa\/crisolfm\/wp-json\/wp\/v2\/posts\/62155","targetHints":{"allow":["GET"]}}],"collection":[{"href":"https:\/\/sertv.gob.pa\/crisolfm\/wp-json\/wp\/v2\/posts"}],"about":[{"href":"https:\/\/sertv.gob.pa\/crisolfm\/wp-json\/wp\/v2\/types\/post"}],"author":[{"embeddable":true,"href":"https:\/\/sertv.gob.pa\/crisolfm\/wp-json\/wp\/v2\/users\/9"}],"replies":[{"embeddable":true,"href":"https:\/\/sertv.gob.pa\/crisolfm\/wp-json\/wp\/v2\/comments?post=62155"}],"version-history":[{"count":1,"href":"https:\/\/sertv.gob.pa\/crisolfm\/wp-json\/wp\/v2\/posts\/62155\/revisions"}],"predecessor-version":[{"id":62157,"href":"https:\/\/sertv.gob.pa\/crisolfm\/wp-json\/wp\/v2\/posts\/62155\/revisions\/62157"}],"wp:featuredmedia":[{"embeddable":true,"href":"https:\/\/sertv.gob.pa\/crisolfm\/wp-json\/wp\/v2\/media\/62156"}],"wp:attachment":[{"href":"https:\/\/sertv.gob.pa\/crisolfm\/wp-json\/wp\/v2\/media?parent=62155"}],"wp:term":[{"taxonomy":"category","embeddable":true,"href":"https:\/\/sertv.gob.pa\/crisolfm\/wp-json\/wp\/v2\/categories?post=62155"},{"taxonomy":"post_tag","embeddable":true,"href":"https:\/\/sertv.gob.pa\/crisolfm\/wp-json\/wp\/v2\/tags?post=62155"}],"curies":[{"name":"wp","href":"https:\/\/api.w.org\/{rel}","templated":true}]}}