{"id":6218,"date":"2016-09-20T15:20:28","date_gmt":"2016-09-20T15:20:28","guid":{"rendered":""},"modified":"2016-09-20T15:20:28","modified_gmt":"2016-09-20T15:20:28","slug":"congreso-regional-construyendo-puentes-botanicos","status":"publish","type":"post","link":"https:\/\/sertv.gob.pa\/crisolfm\/congreso-regional-construyendo-puentes-botanicos\/","title":{"rendered":"Congreso regional \u201cConstruyendo puentes bot\u00e1nicos\u201d"},"content":{"rendered":"<p>\nHasta el 30 de septiembre, Panam\u00e1 ser\u00e1 sede del congreso &lsquo;Construyendo Puentes Bot\u00e1nicos&#8217;, una reuni\u00f3n anual organizada por la Red de Jardines Bot\u00e1nicos del Caribe y Centroam\u00e9rica (CCABGN, por sus siglas en ingl\u00e9s) y el Botanic Gardens Conservation International, inform\u00f3 el Smithsonian. <\/p>\n<p>Este congreso tiene como fin fomentar la amistad y desarrollar lazos de colaboraci\u00f3n y alianzas entre jardines bot\u00e1nicos, mientras se intercambian aprendizajes en los elementos pr\u00e1cticos de horticultura bot\u00e1nica. Se espera que esas alianzas sean formalizadas a trav\u00e9s del desarrollo de un plan de acci\u00f3n de la CCABGN. <\/p>\n<p>Puentes Bot\u00e1nicos es un congreso para inspirar y buscar comunicaci\u00f3n entre jardines bot\u00e1nicos para mejorar la conservaci\u00f3n, la educaci\u00f3n y la investigaci\u00f3n cient\u00edfica a lo largo del Caribe y de Centroam\u00e9rica&#8217;, se lee en la p\u00e1gina web de la misma red: redherbarios.wordpress.com. <\/p>\n<p>Durante las dos semanas, seg\u00fan los organizadores, el congreso contar\u00e1 con programa amplio de ponencias atractivas y talleres interesantes, pensados para fomentar el debate y ser fuente de inspiraci\u00f3n a los invitados. &lsquo;Esperamos no solo que saquen provecho del amplio abanico de presentaciones sobre bot\u00e1nica, sino que conozcan a personas clave y entablen amistades duraderas&#8217;, se\u00f1ala. <\/p>\n<p>El congreso contar\u00e1 con el apoyo del alcalde capitalino, Jos\u00e9 I. Bland\u00f3n y la participaci\u00f3n de invitados especiales como Mireya Correa, del Herbario de la Universidad de Panam\u00e1, quien recibir\u00e1 un reconocimiento por su loable labor, as\u00ed como igualmente de otros expositores nacionales e internacionales. <\/p>\n<p>\u00a0 <\/p>\n","protected":false},"excerpt":{"rendered":"<p>Hasta el 30 de septiembre, Panam\u00e1 ser\u00e1 sede del congreso <a href=\"https:\/\/sertv.gob.pa\/crisolfm\/congreso-regional-construyendo-puentes-botanicos\/\"> [&#8230;]<\/a><\/p>\n","protected":false},"author":1,"featured_media":6219,"comment_status":"closed","ping_status":"closed","sticky":false,"template":"","format":"standard","meta":{"footnotes":""},"categories":[7],"tags":[],"class_list":["post-6218","post","type-post","status-publish","format-standard","has-post-thumbnail","hentry","category-ecologicas"],"_links":{"self":[{"href":"https:\/\/sertv.gob.pa\/crisolfm\/wp-json\/wp\/v2\/posts\/6218","targetHints":{"allow":["GET"]}}],"collection":[{"href":"https:\/\/sertv.gob.pa\/crisolfm\/wp-json\/wp\/v2\/posts"}],"about":[{"href":"https:\/\/sertv.gob.pa\/crisolfm\/wp-json\/wp\/v2\/types\/post"}],"author":[{"embeddable":true,"href":"https:\/\/sertv.gob.pa\/crisolfm\/wp-json\/wp\/v2\/users\/1"}],"replies":[{"embeddable":true,"href":"https:\/\/sertv.gob.pa\/crisolfm\/wp-json\/wp\/v2\/comments?post=6218"}],"version-history":[{"count":0,"href":"https:\/\/sertv.gob.pa\/crisolfm\/wp-json\/wp\/v2\/posts\/6218\/revisions"}],"wp:featuredmedia":[{"embeddable":true,"href":"https:\/\/sertv.gob.pa\/crisolfm\/wp-json\/wp\/v2\/media\/6219"}],"wp:attachment":[{"href":"https:\/\/sertv.gob.pa\/crisolfm\/wp-json\/wp\/v2\/media?parent=6218"}],"wp:term":[{"taxonomy":"category","embeddable":true,"href":"https:\/\/sertv.gob.pa\/crisolfm\/wp-json\/wp\/v2\/categories?post=6218"},{"taxonomy":"post_tag","embeddable":true,"href":"https:\/\/sertv.gob.pa\/crisolfm\/wp-json\/wp\/v2\/tags?post=6218"}],"curies":[{"name":"wp","href":"https:\/\/api.w.org\/{rel}","templated":true}]}}