{"id":62206,"date":"2024-06-13T17:44:30","date_gmt":"2024-06-13T17:44:30","guid":{"rendered":"https:\/\/sertv.gob.pa\/crisolfm\/?p=62206"},"modified":"2024-06-13T17:44:30","modified_gmt":"2024-06-13T17:44:30","slug":"docentes-del-programa-de-autismo-refuerzan-conocimientos-sobre-el-tea","status":"publish","type":"post","link":"https:\/\/sertv.gob.pa\/crisolfm\/docentes-del-programa-de-autismo-refuerzan-conocimientos-sobre-el-tea\/","title":{"rendered":"Docentes del Programa de Autismo refuerzan conocimientos sobre el TEA"},"content":{"rendered":"<p><strong><em>En el Instituto Paname\u00f1o de Habilitaci\u00f3n Especial (IPHE), docentes que brindan los apoyos educativos en el Programa de Autismo de la instituci\u00f3n, participaron recientemente, de un taller informativo sobre el Trastorno del Espectro Autista (TEA), el cual tuvo lugar en la sede de este programa.\u00a0<\/em><\/strong><\/p>\n<p><strong><em>En la jornada, las docentes, recibieron las orientaciones por parte de la profesora Laura Araba, docente especializada en el Enfoque Ecol\u00f3gico Funcional, quien les present\u00f3 a los asistentes, las herramientas y estrategias necesarias para comprender, apoyar y trabajar de manera efectiva con ni\u00f1os y adolescentes con la condici\u00f3n de TEA.\u00a0<\/em><\/strong><\/p>\n<p><strong><em>De igual forma, la profesora Araba, resalt\u00f3 durante su intervenci\u00f3n, aspectos importantes como: la informaci\u00f3n sobre\u00a0las caracter\u00edsticas del trastorno del espectro autista, la identificaci\u00f3n de necesidades individuales, la implementaci\u00f3n de metodolog\u00edas y recursos espec\u00edficos, as\u00ed como mejorar la inclusi\u00f3n y el desarrollo de habilidades de los estudiantes con autismo en el \u00e1mbito educativo.<\/em><\/strong><\/p>\n<p><strong><em>Entre los temas abordados en la capacitaci\u00f3n estuvieron:\u00a0Evaluaci\u00f3n de los Aprendizajes, Proyecto Educativo Centrado en el Estudiante (PECE), Modelo Educativo Ecol\u00f3gico Funcional, Modelo Educativo del DUA (Dise\u00f1o Universal para los Aprendizajes), Neurociencia y Alineaci\u00f3n Curricular.\u00a0<\/em><\/strong><\/p>\n<p><strong><em>El Programa de Autismo, \u00a0tiene una matr\u00edcula de 542 estudiantes, de los cuales 168 se encuentran en la sede, mientras que, 374 est\u00e1n en centros educativos inclusivos.\u00a0<\/em><\/strong><\/p>\n<p><strong><em>\u00a0<\/em><\/strong><\/p>\n<p>Fuente: IPHE<\/p>\n<p>&nbsp;<\/p>\n","protected":false},"excerpt":{"rendered":"<p>En el Instituto Paname\u00f1o de Habilitaci\u00f3n Especial (IPHE), docentes que <a href=\"https:\/\/sertv.gob.pa\/crisolfm\/docentes-del-programa-de-autismo-refuerzan-conocimientos-sobre-el-tea\/\"> [&#8230;]<\/a><\/p>\n","protected":false},"author":9,"featured_media":62207,"comment_status":"closed","ping_status":"closed","sticky":false,"template":"","format":"standard","meta":{"footnotes":""},"categories":[14],"tags":[],"class_list":["post-62206","post","type-post","status-publish","format-standard","has-post-thumbnail","hentry","category-salud"],"_links":{"self":[{"href":"https:\/\/sertv.gob.pa\/crisolfm\/wp-json\/wp\/v2\/posts\/62206","targetHints":{"allow":["GET"]}}],"collection":[{"href":"https:\/\/sertv.gob.pa\/crisolfm\/wp-json\/wp\/v2\/posts"}],"about":[{"href":"https:\/\/sertv.gob.pa\/crisolfm\/wp-json\/wp\/v2\/types\/post"}],"author":[{"embeddable":true,"href":"https:\/\/sertv.gob.pa\/crisolfm\/wp-json\/wp\/v2\/users\/9"}],"replies":[{"embeddable":true,"href":"https:\/\/sertv.gob.pa\/crisolfm\/wp-json\/wp\/v2\/comments?post=62206"}],"version-history":[{"count":1,"href":"https:\/\/sertv.gob.pa\/crisolfm\/wp-json\/wp\/v2\/posts\/62206\/revisions"}],"predecessor-version":[{"id":62208,"href":"https:\/\/sertv.gob.pa\/crisolfm\/wp-json\/wp\/v2\/posts\/62206\/revisions\/62208"}],"wp:featuredmedia":[{"embeddable":true,"href":"https:\/\/sertv.gob.pa\/crisolfm\/wp-json\/wp\/v2\/media\/62207"}],"wp:attachment":[{"href":"https:\/\/sertv.gob.pa\/crisolfm\/wp-json\/wp\/v2\/media?parent=62206"}],"wp:term":[{"taxonomy":"category","embeddable":true,"href":"https:\/\/sertv.gob.pa\/crisolfm\/wp-json\/wp\/v2\/categories?post=62206"},{"taxonomy":"post_tag","embeddable":true,"href":"https:\/\/sertv.gob.pa\/crisolfm\/wp-json\/wp\/v2\/tags?post=62206"}],"curies":[{"name":"wp","href":"https:\/\/api.w.org\/{rel}","templated":true}]}}