{"id":62240,"date":"2024-06-14T17:33:34","date_gmt":"2024-06-14T17:33:34","guid":{"rendered":"https:\/\/sertv.gob.pa\/crisolfm\/?p=62240"},"modified":"2024-06-14T17:33:34","modified_gmt":"2024-06-14T17:33:34","slug":"nuevos-especialistas-para-reforzar-atencion-a-pacientes-en-colon","status":"publish","type":"post","link":"https:\/\/sertv.gob.pa\/crisolfm\/nuevos-especialistas-para-reforzar-atencion-a-pacientes-en-colon\/","title":{"rendered":"Nuevos especialistas para reforzar atenci\u00f3n a pacientes en Col\u00f3n"},"content":{"rendered":"<p><strong><em>Cuatro nuevos especialistas integran el equipo m\u00e9dico para la\u00a0 reforzar la calidad de atenci\u00f3n a los pacientes en el Hospital \u00abDr. Manuel A. Guerrero\u00bb (HDr.MAG), de la Caja de Seguro Social en Col\u00f3n.<\/em><\/strong><\/p>\n<p><strong><em>Se trata de una urgenci\u00f3loga, especialista en urgencias m\u00e9dico quir\u00fargica quien cuenta con mayor experticia para detectar m\u00e1s r\u00e1pido ciertas patolog\u00edas, sobre todo los pacientes con infartos y accidentes cerebro vasculares, servicio que no se ofertaba en esta instalaci\u00f3n de salud, explic\u00f3 el\u00a0 planificador del HDr.MAG, Dr. Gerardo Llanes Blanco.<\/em><\/strong><\/p>\n<p><strong><em>Adem\u00e1s,\u00a0 del nombramiento de una geriatra, quien representa un significativo beneficio en la atenci\u00f3n de la poblaci\u00f3n adulta mayor hospitalizada con patolog\u00edas propias de la edad como: alzheimer, demencia, accidentes cerebrovasculares y otras propias del envejecimiento, quien tambi\u00e9n puede ver su estado nutricional y otras condiciones del paciente.<\/em><\/strong><\/p>\n<p><strong><em>De igual forma, se suman dos nuevos m\u00e9dicos al servicio de ortopedia y ginecolog\u00eda, recurso humano que representa un\u00a0 refuerzo en esta cartera que se ofrece en el hospital, adem\u00e1s de cubrir\u00a0 los programas y agilizar las consultas externas de ginecolog\u00eda en las policl\u00ednicas, as\u00ed como en ortopedia que deben atender la alta demanda de pacientes por traumas\u00a0 por accidentes laborales, vehiculares y ca\u00eddas etc.<\/em><\/strong><\/p>\n<p><strong><em>\u00a0<\/em><\/strong><\/p>\n<p>Fuente: CSS<\/p>\n","protected":false},"excerpt":{"rendered":"<p>Cuatro nuevos especialistas integran el equipo m\u00e9dico para la\u00a0 reforzar <a href=\"https:\/\/sertv.gob.pa\/crisolfm\/nuevos-especialistas-para-reforzar-atencion-a-pacientes-en-colon\/\"> [&#8230;]<\/a><\/p>\n","protected":false},"author":9,"featured_media":62241,"comment_status":"closed","ping_status":"closed","sticky":false,"template":"","format":"standard","meta":{"footnotes":""},"categories":[14],"tags":[],"class_list":["post-62240","post","type-post","status-publish","format-standard","has-post-thumbnail","hentry","category-salud"],"_links":{"self":[{"href":"https:\/\/sertv.gob.pa\/crisolfm\/wp-json\/wp\/v2\/posts\/62240","targetHints":{"allow":["GET"]}}],"collection":[{"href":"https:\/\/sertv.gob.pa\/crisolfm\/wp-json\/wp\/v2\/posts"}],"about":[{"href":"https:\/\/sertv.gob.pa\/crisolfm\/wp-json\/wp\/v2\/types\/post"}],"author":[{"embeddable":true,"href":"https:\/\/sertv.gob.pa\/crisolfm\/wp-json\/wp\/v2\/users\/9"}],"replies":[{"embeddable":true,"href":"https:\/\/sertv.gob.pa\/crisolfm\/wp-json\/wp\/v2\/comments?post=62240"}],"version-history":[{"count":1,"href":"https:\/\/sertv.gob.pa\/crisolfm\/wp-json\/wp\/v2\/posts\/62240\/revisions"}],"predecessor-version":[{"id":62242,"href":"https:\/\/sertv.gob.pa\/crisolfm\/wp-json\/wp\/v2\/posts\/62240\/revisions\/62242"}],"wp:featuredmedia":[{"embeddable":true,"href":"https:\/\/sertv.gob.pa\/crisolfm\/wp-json\/wp\/v2\/media\/62241"}],"wp:attachment":[{"href":"https:\/\/sertv.gob.pa\/crisolfm\/wp-json\/wp\/v2\/media?parent=62240"}],"wp:term":[{"taxonomy":"category","embeddable":true,"href":"https:\/\/sertv.gob.pa\/crisolfm\/wp-json\/wp\/v2\/categories?post=62240"},{"taxonomy":"post_tag","embeddable":true,"href":"https:\/\/sertv.gob.pa\/crisolfm\/wp-json\/wp\/v2\/tags?post=62240"}],"curies":[{"name":"wp","href":"https:\/\/api.w.org\/{rel}","templated":true}]}}