{"id":62295,"date":"2024-06-19T16:19:36","date_gmt":"2024-06-19T16:19:36","guid":{"rendered":"https:\/\/sertv.gob.pa\/crisolfm\/?p=62295"},"modified":"2024-06-19T16:19:36","modified_gmt":"2024-06-19T16:19:36","slug":"concluyen-capacitaciones-a-profesionales-de-psicologia-del-iphe","status":"publish","type":"post","link":"https:\/\/sertv.gob.pa\/crisolfm\/concluyen-capacitaciones-a-profesionales-de-psicologia-del-iphe\/","title":{"rendered":"Concluyen capacitaciones a profesionales de Psicolog\u00eda del IPHE"},"content":{"rendered":"<p><strong><em>Con la finalidad de fortalecer los conocimientos del personal de Psicolog\u00eda de la instituci\u00f3n y as\u00ed aplicarlos durante la atenci\u00f3n a los estudiantes en las diferentes escuelas, programas y extensiones en todo el pa\u00eds, profesionales de esta disciplina concluyeron el martes 18, de junio del presente a\u00f1o, una serie de capacitaciones presenciales y virtuales realizadas con motivo de la celebraci\u00f3n del D\u00eda del Psic\u00f3logo, mismo que se conmemora el pr\u00f3ximo 22 de junio).<\/em><\/strong><\/p>\n<p><strong><em>Durante la jornada del martes 18, los participantes conocieron sobre: \u201cProtocolos para el abordaje de situaciones dif\u00edciles en el sistema educativo\u201d, exposici\u00f3n que estuvo a cargo de la psic\u00f3loga de Casa Esperanza, Diana Gonz\u00e1lez, as\u00ed como Flavia Estrada y Zoila Alarc\u00f3n, abogada y trabajadora social respectivamente del Ministerio de Educaci\u00f3n (MEDUCA).<\/em><\/strong><\/p>\n<p><strong><em>La segunda intervenci\u00f3n de la actividad estuvo a cargo del doctor, Luis Trejos, Paidosiquiatra, quien habl\u00f3 acerca del \u201cTrastorno del Espectro Autista (TEA): Implicaciones y Diagn\u00f3stico Diferencial\u201d, mientras que, la \u00faltima exposici\u00f3n estuvo a cargo, de la Licenciada Hila Alc\u00e1ntara, Psic\u00f3loga del Centro de Desarrollo Infantil (CEDIS) del Municipio de Panam\u00e1, quien abord\u00f3 el tema \u201cLa relajaci\u00f3n como t\u00e9cnica del manejo del estr\u00e9s\u201d.\u00a0<\/em><\/strong><\/p>\n<p><strong><em>Actualmente, el departamento de psicolog\u00eda, es coordinado por la licenciada Gretel G\u00f3mez, quien aprovech\u00f3 la ocasi\u00f3n para felicitar a todos los profesionales de esta disciplina y muy especialmente a los que laboran en el IPHE, adem\u00e1s les agradeci\u00f3 los aportes que realizan en cada una de sus intervenciones para el mejoramiento y la calidad de vida de los ni\u00f1os, ni\u00f1as y j\u00f3venes que a diario atienden.<\/em><\/strong><\/p>\n<p><strong><em>\u00a0<\/em><\/strong><\/p>\n<p>Fuente: IPHE<\/p>\n","protected":false},"excerpt":{"rendered":"<p>Con la finalidad de fortalecer los conocimientos del personal de <a href=\"https:\/\/sertv.gob.pa\/crisolfm\/concluyen-capacitaciones-a-profesionales-de-psicologia-del-iphe\/\"> [&#8230;]<\/a><\/p>\n","protected":false},"author":9,"featured_media":62296,"comment_status":"closed","ping_status":"closed","sticky":false,"template":"","format":"standard","meta":{"footnotes":""},"categories":[14],"tags":[],"class_list":["post-62295","post","type-post","status-publish","format-standard","has-post-thumbnail","hentry","category-salud"],"_links":{"self":[{"href":"https:\/\/sertv.gob.pa\/crisolfm\/wp-json\/wp\/v2\/posts\/62295","targetHints":{"allow":["GET"]}}],"collection":[{"href":"https:\/\/sertv.gob.pa\/crisolfm\/wp-json\/wp\/v2\/posts"}],"about":[{"href":"https:\/\/sertv.gob.pa\/crisolfm\/wp-json\/wp\/v2\/types\/post"}],"author":[{"embeddable":true,"href":"https:\/\/sertv.gob.pa\/crisolfm\/wp-json\/wp\/v2\/users\/9"}],"replies":[{"embeddable":true,"href":"https:\/\/sertv.gob.pa\/crisolfm\/wp-json\/wp\/v2\/comments?post=62295"}],"version-history":[{"count":1,"href":"https:\/\/sertv.gob.pa\/crisolfm\/wp-json\/wp\/v2\/posts\/62295\/revisions"}],"predecessor-version":[{"id":62297,"href":"https:\/\/sertv.gob.pa\/crisolfm\/wp-json\/wp\/v2\/posts\/62295\/revisions\/62297"}],"wp:featuredmedia":[{"embeddable":true,"href":"https:\/\/sertv.gob.pa\/crisolfm\/wp-json\/wp\/v2\/media\/62296"}],"wp:attachment":[{"href":"https:\/\/sertv.gob.pa\/crisolfm\/wp-json\/wp\/v2\/media?parent=62295"}],"wp:term":[{"taxonomy":"category","embeddable":true,"href":"https:\/\/sertv.gob.pa\/crisolfm\/wp-json\/wp\/v2\/categories?post=62295"},{"taxonomy":"post_tag","embeddable":true,"href":"https:\/\/sertv.gob.pa\/crisolfm\/wp-json\/wp\/v2\/tags?post=62295"}],"curies":[{"name":"wp","href":"https:\/\/api.w.org\/{rel}","templated":true}]}}