{"id":6230,"date":"2016-09-21T15:06:01","date_gmt":"2016-09-21T15:06:01","guid":{"rendered":""},"modified":"2016-09-21T15:06:01","modified_gmt":"2016-09-21T15:06:01","slug":"uso-de-platos-y-cubiertos-de-plastico-es-prohibido-en-francia","status":"publish","type":"post","link":"https:\/\/sertv.gob.pa\/crisolfm\/uso-de-platos-y-cubiertos-de-plastico-es-prohibido-en-francia\/","title":{"rendered":"Uso de platos y cubiertos de pl\u00e1stico es prohibido en Francia"},"content":{"rendered":"<p>\nLos recientes esfuerzos de Francia para disminuir la contaminaci\u00f3n igualmente afectar\u00e1n a los que disfrutan de comer al aire libre, ya que bajo una nueva y controvertida ley, los que vayan de picnic ya no podr\u00e1n utilizar vasos de pl\u00e1stico para su vino, tampoco cubiertos ni platos de ese material para sus baguettes, rese\u00f1\u00f3 AP. <\/p>\n<p>Y la vida en la oficina tambi\u00e9n ser\u00e1 diferente, porque las m\u00e1quinas expendedoras de caf\u00e9 ya no dar\u00e1n vasos de pl\u00e1stico. <\/p>\n<p>La nueva medida, que entr\u00f3 en vigor en agosto, dar\u00e1 a los productores hasta el a\u00f1o 2020 para asegurarse de que todos los platos vendidos en Francia provengan de fuentes biol\u00f3gicas y puedan usarse en la composta. Esto sigue a la prohibici\u00f3n de las bolsas de pl\u00e1stico vigente desde julio. <\/p>\n<p>Aunque varios pa\u00edses han prohibido tambi\u00e9n las bolsas pl\u00e1sticas, Francia parece ser el primero en introducir una restricci\u00f3n a los utensilios de pl\u00e1stico. La medida llega despu\u00e9s de que Par\u00eds fue sede de una importante conferencia el mes pasado sobre cambio clim\u00e1tico, y mientras el gobierno socialista trata de poner a Francia al frente de la lucha ambiental. <\/p>\n<p>Mientras las organizaciones ecologistas aplaudieron la ley francesa y esperan que sea ejemplo para otras naciones, los que se oponen argumentan que afectar\u00e1 a los consumidores y viola las normas de la Uni\u00f3n Europea del libre movimiento de los bienes. <\/p>\n<p>\u00a0 <\/p>\n<p>\u00a0 <\/p>\n","protected":false},"excerpt":{"rendered":"<p>Los recientes esfuerzos de Francia para disminuir la contaminaci\u00f3n igualmente <a href=\"https:\/\/sertv.gob.pa\/crisolfm\/uso-de-platos-y-cubiertos-de-plastico-es-prohibido-en-francia\/\"> [&#8230;]<\/a><\/p>\n","protected":false},"author":1,"featured_media":6231,"comment_status":"closed","ping_status":"closed","sticky":false,"template":"","format":"standard","meta":{"footnotes":""},"categories":[7],"tags":[],"class_list":["post-6230","post","type-post","status-publish","format-standard","has-post-thumbnail","hentry","category-ecologicas"],"_links":{"self":[{"href":"https:\/\/sertv.gob.pa\/crisolfm\/wp-json\/wp\/v2\/posts\/6230","targetHints":{"allow":["GET"]}}],"collection":[{"href":"https:\/\/sertv.gob.pa\/crisolfm\/wp-json\/wp\/v2\/posts"}],"about":[{"href":"https:\/\/sertv.gob.pa\/crisolfm\/wp-json\/wp\/v2\/types\/post"}],"author":[{"embeddable":true,"href":"https:\/\/sertv.gob.pa\/crisolfm\/wp-json\/wp\/v2\/users\/1"}],"replies":[{"embeddable":true,"href":"https:\/\/sertv.gob.pa\/crisolfm\/wp-json\/wp\/v2\/comments?post=6230"}],"version-history":[{"count":0,"href":"https:\/\/sertv.gob.pa\/crisolfm\/wp-json\/wp\/v2\/posts\/6230\/revisions"}],"wp:featuredmedia":[{"embeddable":true,"href":"https:\/\/sertv.gob.pa\/crisolfm\/wp-json\/wp\/v2\/media\/6231"}],"wp:attachment":[{"href":"https:\/\/sertv.gob.pa\/crisolfm\/wp-json\/wp\/v2\/media?parent=6230"}],"wp:term":[{"taxonomy":"category","embeddable":true,"href":"https:\/\/sertv.gob.pa\/crisolfm\/wp-json\/wp\/v2\/categories?post=6230"},{"taxonomy":"post_tag","embeddable":true,"href":"https:\/\/sertv.gob.pa\/crisolfm\/wp-json\/wp\/v2\/tags?post=6230"}],"curies":[{"name":"wp","href":"https:\/\/api.w.org\/{rel}","templated":true}]}}