{"id":62314,"date":"2024-06-20T13:48:03","date_gmt":"2024-06-20T13:48:03","guid":{"rendered":"https:\/\/sertv.gob.pa\/crisolfm\/?p=62314"},"modified":"2024-06-20T13:48:03","modified_gmt":"2024-06-20T13:48:03","slug":"minsa-firma-acuerdo-de-cooperacion-con-la-soberana-orden-de-malta","status":"publish","type":"post","link":"https:\/\/sertv.gob.pa\/crisolfm\/minsa-firma-acuerdo-de-cooperacion-con-la-soberana-orden-de-malta\/","title":{"rendered":"MINSA firma acuerdo de cooperaci\u00f3n con la Soberana Orden de Malta"},"content":{"rendered":"<div class=\"fusion-fullwidth fullwidth-box fusion-builder-row-1 fusion-flex-container has-pattern-background has-mask-background nonhundred-percent-fullwidth non-hundred-percent-height-scrolling\" style=\"--awb-border-radius-top-left:0px;--awb-border-radius-top-right:0px;--awb-border-radius-bottom-right:0px;--awb-border-radius-bottom-left:0px;--awb-flex-wrap:wrap;\" ><div class=\"fusion-builder-row fusion-row fusion-flex-align-items-flex-start fusion-flex-content-wrap\" style=\"max-width:1144px;margin-left: calc(-4% \/ 2 );margin-right: calc(-4% \/ 2 );\"><div class=\"fusion-layout-column fusion_builder_column fusion-builder-column-0 fusion_builder_column_1_1 1_1 fusion-flex-column\" style=\"--awb-bg-size:cover;--awb-width-large:100%;--awb-margin-top-large:0px;--awb-spacing-right-large:1.92%;--awb-margin-bottom-large:20px;--awb-spacing-left-large:1.92%;--awb-width-medium:100%;--awb-order-medium:0;--awb-spacing-right-medium:1.92%;--awb-spacing-left-medium:1.92%;--awb-width-small:100%;--awb-order-small:0;--awb-spacing-right-small:1.92%;--awb-spacing-left-small:1.92%;\"><div class=\"fusion-column-wrapper fusion-column-has-shadow fusion-flex-justify-content-flex-start fusion-content-layout-column\"><div class=\"fusion-text fusion-text-1\"><p><strong><em>\u00a0<\/em><\/strong><\/p>\n<p><strong><em>Con el objetivo de establecer estrategias que permitan la donaci\u00f3n de medicamentos, dispositivos m\u00e9dicos y otros productos de salud, en beneficio de la poblaci\u00f3n m\u00e1s vulnerable del pa\u00eds, el Ministerio de Salud de Panam\u00e1 y la Soberana Orden Militar y Hospitalaria de San Juan de Jerusal\u00e9n de Rodas y Malta, firmaron recientemente, un acuerdo complementario de cooperaci\u00f3n.<\/em><\/strong><\/p>\n<p><strong><em>Ivette Berrio, viceministra de Salud, y Lupo Mar\u00eda Umberto del Bono, embajador Extraordinario y Plenipotenciario de la Soberana Orden de Malta en Panam\u00e1, certificaron este acuerdo que fortalecer\u00e1 la cooperaci\u00f3n internacional en salud entre ambos pa\u00edses.<\/em><\/strong><\/p>\n<p><strong><em>En este convenio, se tiene contemplado la oportunidad de capacitaci\u00f3n para los profesionales de la salud, giras m\u00e9dicas en diferentes puntos del pa\u00eds, proyectos conjuntos en \u00e1reas cient\u00edficas y tecnol\u00f3gicas que sean de inter\u00e9s com\u00fan, investigaci\u00f3n e innovaci\u00f3n en salud, entre otras actividades.<\/em><\/strong><\/p>\n<p><strong><em>\u00a0<\/em><\/strong><\/p>\n<p>Fuente: MINSA<\/p>\n<\/div><div class=\"awb-gallery-wrapper awb-gallery-wrapper-1 button-span-no\" style=\"--more-btn-alignment:center;\"><div style=\"margin:-5px;--awb-bordersize:0px;\" class=\"fusion-gallery fusion-gallery-container fusion-grid-3 fusion-columns-total-4 fusion-gallery-layout-grid fusion-gallery-1\"><div style=\"padding:5px;\" class=\"fusion-grid-column fusion-gallery-column fusion-gallery-column-3 hover-type-none\"><div class=\"fusion-gallery-image\"><a href=\"https:\/\/sertv.gob.pa\/crisolfm\/wp-content\/uploads\/sites\/2\/2024\/06\/ACUERDO-MINSA-Y-ORDEN-DE-MALTA-3.jpg\" rel=\"noreferrer\" data-rel=\"iLightbox[gallery_image_1]\" class=\"fusion-lightbox\" target=\"_self\"><img decoding=\"async\" src=\"https:\/\/sertv.gob.pa\/crisolfm\/wp-content\/uploads\/sites\/2\/2024\/06\/ACUERDO-MINSA-Y-ORDEN-DE-MALTA-3.jpg\" width=\"600\" height=\"400\" alt=\"\" title=\"ACUERDO MINSA Y ORDEN DE MALTA 3\" aria-label=\"ACUERDO MINSA Y ORDEN DE MALTA 3\" class=\"img-responsive wp-image-62316\" srcset=\"https:\/\/sertv.gob.pa\/crisolfm\/wp-content\/uploads\/sites\/2\/2024\/06\/ACUERDO-MINSA-Y-ORDEN-DE-MALTA-3-200x133.jpg 200w, https:\/\/sertv.gob.pa\/crisolfm\/wp-content\/uploads\/sites\/2\/2024\/06\/ACUERDO-MINSA-Y-ORDEN-DE-MALTA-3-400x267.jpg 400w, https:\/\/sertv.gob.pa\/crisolfm\/wp-content\/uploads\/sites\/2\/2024\/06\/ACUERDO-MINSA-Y-ORDEN-DE-MALTA-3.jpg 600w\" sizes=\"(min-width: 2200px) 100vw, (min-width: 784px) 363px, (min-width: 712px) 545px, (min-width: 640px) 712px, \" \/><\/a><\/div><\/div><div style=\"padding:5px;\" class=\"fusion-grid-column fusion-gallery-column fusion-gallery-column-3 hover-type-none\"><div class=\"fusion-gallery-image\"><a href=\"https:\/\/sertv.gob.pa\/crisolfm\/wp-content\/uploads\/sites\/2\/2024\/06\/ACUERDO-MINSA-ORDEN-DE-MALTA-6.jpg\" rel=\"noreferrer\" data-rel=\"iLightbox[gallery_image_1]\" class=\"fusion-lightbox\" target=\"_self\"><img decoding=\"async\" src=\"https:\/\/sertv.gob.pa\/crisolfm\/wp-content\/uploads\/sites\/2\/2024\/06\/ACUERDO-MINSA-ORDEN-DE-MALTA-6.jpg\" width=\"305\" height=\"203\" alt=\"\" title=\"ACUERDO MINSA ORDEN DE MALTA 6\" aria-label=\"ACUERDO MINSA ORDEN DE MALTA 6\" class=\"img-responsive wp-image-62317\" srcset=\"https:\/\/sertv.gob.pa\/crisolfm\/wp-content\/uploads\/sites\/2\/2024\/06\/ACUERDO-MINSA-ORDEN-DE-MALTA-6-200x133.jpg 200w, https:\/\/sertv.gob.pa\/crisolfm\/wp-content\/uploads\/sites\/2\/2024\/06\/ACUERDO-MINSA-ORDEN-DE-MALTA-6.jpg 305w\" sizes=\"(min-width: 2200px) 100vw, (min-width: 784px) 363px, (min-width: 712px) 545px, (min-width: 640px) 712px, \" \/><\/a><\/div><\/div><div style=\"padding:5px;\" class=\"fusion-grid-column fusion-gallery-column fusion-gallery-column-3 hover-type-none\"><div class=\"fusion-gallery-image\"><a href=\"https:\/\/sertv.gob.pa\/crisolfm\/wp-content\/uploads\/sites\/2\/2024\/06\/ACUERDO-MINSA-Y-ORDEN-DE-MALTA-4.jpg\" rel=\"noreferrer\" data-rel=\"iLightbox[gallery_image_1]\" class=\"fusion-lightbox\" target=\"_self\"><img decoding=\"async\" src=\"https:\/\/sertv.gob.pa\/crisolfm\/wp-content\/uploads\/sites\/2\/2024\/06\/ACUERDO-MINSA-Y-ORDEN-DE-MALTA-4.jpg\" width=\"600\" height=\"400\" alt=\"\" title=\"ACUERDO MINSA Y ORDEN DE MALTA 4\" aria-label=\"ACUERDO MINSA Y ORDEN DE MALTA 4\" class=\"img-responsive wp-image-62318\" srcset=\"https:\/\/sertv.gob.pa\/crisolfm\/wp-content\/uploads\/sites\/2\/2024\/06\/ACUERDO-MINSA-Y-ORDEN-DE-MALTA-4-200x133.jpg 200w, https:\/\/sertv.gob.pa\/crisolfm\/wp-content\/uploads\/sites\/2\/2024\/06\/ACUERDO-MINSA-Y-ORDEN-DE-MALTA-4-400x267.jpg 400w, https:\/\/sertv.gob.pa\/crisolfm\/wp-content\/uploads\/sites\/2\/2024\/06\/ACUERDO-MINSA-Y-ORDEN-DE-MALTA-4.jpg 600w\" sizes=\"(min-width: 2200px) 100vw, (min-width: 784px) 363px, (min-width: 712px) 545px, (min-width: 640px) 712px, \" \/><\/a><\/div><\/div><div class=\"clearfix\"><\/div><div style=\"padding:5px;\" class=\"fusion-grid-column fusion-gallery-column fusion-gallery-column-3 hover-type-none\"><div class=\"fusion-gallery-image\"><a href=\"https:\/\/sertv.gob.pa\/crisolfm\/wp-content\/uploads\/sites\/2\/2024\/06\/ACUERDO-MINSA-Y-ORDEN-DE-MALTA-5.jpg\" rel=\"noreferrer\" data-rel=\"iLightbox[gallery_image_1]\" class=\"fusion-lightbox\" target=\"_self\"><img decoding=\"async\" src=\"https:\/\/sertv.gob.pa\/crisolfm\/wp-content\/uploads\/sites\/2\/2024\/06\/ACUERDO-MINSA-Y-ORDEN-DE-MALTA-5.jpg\" width=\"600\" height=\"400\" alt=\"\" title=\"ACUERDO MINSA Y ORDEN DE MALTA 5\" aria-label=\"ACUERDO MINSA Y ORDEN DE MALTA 5\" class=\"img-responsive wp-image-62319\" srcset=\"https:\/\/sertv.gob.pa\/crisolfm\/wp-content\/uploads\/sites\/2\/2024\/06\/ACUERDO-MINSA-Y-ORDEN-DE-MALTA-5-200x133.jpg 200w, https:\/\/sertv.gob.pa\/crisolfm\/wp-content\/uploads\/sites\/2\/2024\/06\/ACUERDO-MINSA-Y-ORDEN-DE-MALTA-5-400x267.jpg 400w, https:\/\/sertv.gob.pa\/crisolfm\/wp-content\/uploads\/sites\/2\/2024\/06\/ACUERDO-MINSA-Y-ORDEN-DE-MALTA-5.jpg 600w\" sizes=\"(min-width: 2200px) 100vw, (min-width: 784px) 363px, (min-width: 712px) 545px, (min-width: 640px) 712px, \" \/><\/a><\/div><\/div><\/div><\/div><\/div><\/div><\/div><\/div>\n","protected":false},"excerpt":{"rendered":"","protected":false},"author":9,"featured_media":62315,"comment_status":"closed","ping_status":"closed","sticky":false,"template":"","format":"standard","meta":{"footnotes":""},"categories":[12],"tags":[],"class_list":["post-62314","post","type-post","status-publish","format-standard","has-post-thumbnail","hentry","category-nacionales"],"_links":{"self":[{"href":"https:\/\/sertv.gob.pa\/crisolfm\/wp-json\/wp\/v2\/posts\/62314","targetHints":{"allow":["GET"]}}],"collection":[{"href":"https:\/\/sertv.gob.pa\/crisolfm\/wp-json\/wp\/v2\/posts"}],"about":[{"href":"https:\/\/sertv.gob.pa\/crisolfm\/wp-json\/wp\/v2\/types\/post"}],"author":[{"embeddable":true,"href":"https:\/\/sertv.gob.pa\/crisolfm\/wp-json\/wp\/v2\/users\/9"}],"replies":[{"embeddable":true,"href":"https:\/\/sertv.gob.pa\/crisolfm\/wp-json\/wp\/v2\/comments?post=62314"}],"version-history":[{"count":1,"href":"https:\/\/sertv.gob.pa\/crisolfm\/wp-json\/wp\/v2\/posts\/62314\/revisions"}],"predecessor-version":[{"id":62320,"href":"https:\/\/sertv.gob.pa\/crisolfm\/wp-json\/wp\/v2\/posts\/62314\/revisions\/62320"}],"wp:featuredmedia":[{"embeddable":true,"href":"https:\/\/sertv.gob.pa\/crisolfm\/wp-json\/wp\/v2\/media\/62315"}],"wp:attachment":[{"href":"https:\/\/sertv.gob.pa\/crisolfm\/wp-json\/wp\/v2\/media?parent=62314"}],"wp:term":[{"taxonomy":"category","embeddable":true,"href":"https:\/\/sertv.gob.pa\/crisolfm\/wp-json\/wp\/v2\/categories?post=62314"},{"taxonomy":"post_tag","embeddable":true,"href":"https:\/\/sertv.gob.pa\/crisolfm\/wp-json\/wp\/v2\/tags?post=62314"}],"curies":[{"name":"wp","href":"https:\/\/api.w.org\/{rel}","templated":true}]}}