{"id":6232,"date":"2016-09-21T15:19:16","date_gmt":"2016-09-21T15:19:16","guid":{"rendered":""},"modified":"2016-09-21T15:19:16","modified_gmt":"2016-09-21T15:19:16","slug":"aguila-harpia-panama-celebro-sus-7-anos","status":"publish","type":"post","link":"https:\/\/sertv.gob.pa\/crisolfm\/aguila-harpia-panama-celebro-sus-7-anos\/","title":{"rendered":"\u00c1guila harp\u00eda Panam\u00e1 celebr\u00f3 sus 7 a\u00f1os"},"content":{"rendered":"<p>\nPanam\u00e1, el \u00e1guila harp\u00eda que habita en el Parque Municipal Summit cumpli\u00f3 7 a\u00f1os, grandes y peque\u00f1os se unieron a esta celebraci\u00f3n. <\/p>\n<p>El ave naci\u00f3 en 2009 en el Zool\u00f3gico de Miami y es el primer \u00e1guila que nace en cautiverio en Estados Unidos. Fue atendida por sus padres: dos \u00e1guilas adultas y lleg\u00f3 al pa\u00eds el 15 de junio del 2013. Desde su traslado habita en el recinto del &ldquo;\u00e1guila harp\u00eda&rdquo; del Parque Summit, que es una estructura de 800 metros cuadrados, con 20 de altura, ideal para un ave en cautiverio. <\/p>\n<p>Panam\u00e1 es el quinto \u00e1guila harp\u00eda que alberga el Parque Municipal Summit, luego de Sony, Metro, Anc\u00f3n y el \u00faltimo, Cheyenne, quien vivi\u00f3 51 a\u00f1os; por lo que se espera que Panam\u00e1 est\u00e9 con nosotros por muchos a\u00f1os. <\/p>\n<p>\u00a0 <\/p>\n","protected":false},"excerpt":{"rendered":"<p>Panam\u00e1, el \u00e1guila harp\u00eda que habita en el Parque Municipal <a href=\"https:\/\/sertv.gob.pa\/crisolfm\/aguila-harpia-panama-celebro-sus-7-anos\/\"> [&#8230;]<\/a><\/p>\n","protected":false},"author":1,"featured_media":6233,"comment_status":"closed","ping_status":"closed","sticky":false,"template":"","format":"standard","meta":{"footnotes":""},"categories":[7],"tags":[],"class_list":["post-6232","post","type-post","status-publish","format-standard","has-post-thumbnail","hentry","category-ecologicas"],"_links":{"self":[{"href":"https:\/\/sertv.gob.pa\/crisolfm\/wp-json\/wp\/v2\/posts\/6232","targetHints":{"allow":["GET"]}}],"collection":[{"href":"https:\/\/sertv.gob.pa\/crisolfm\/wp-json\/wp\/v2\/posts"}],"about":[{"href":"https:\/\/sertv.gob.pa\/crisolfm\/wp-json\/wp\/v2\/types\/post"}],"author":[{"embeddable":true,"href":"https:\/\/sertv.gob.pa\/crisolfm\/wp-json\/wp\/v2\/users\/1"}],"replies":[{"embeddable":true,"href":"https:\/\/sertv.gob.pa\/crisolfm\/wp-json\/wp\/v2\/comments?post=6232"}],"version-history":[{"count":0,"href":"https:\/\/sertv.gob.pa\/crisolfm\/wp-json\/wp\/v2\/posts\/6232\/revisions"}],"wp:featuredmedia":[{"embeddable":true,"href":"https:\/\/sertv.gob.pa\/crisolfm\/wp-json\/wp\/v2\/media\/6233"}],"wp:attachment":[{"href":"https:\/\/sertv.gob.pa\/crisolfm\/wp-json\/wp\/v2\/media?parent=6232"}],"wp:term":[{"taxonomy":"category","embeddable":true,"href":"https:\/\/sertv.gob.pa\/crisolfm\/wp-json\/wp\/v2\/categories?post=6232"},{"taxonomy":"post_tag","embeddable":true,"href":"https:\/\/sertv.gob.pa\/crisolfm\/wp-json\/wp\/v2\/tags?post=6232"}],"curies":[{"name":"wp","href":"https:\/\/api.w.org\/{rel}","templated":true}]}}