{"id":62333,"date":"2024-06-20T15:48:05","date_gmt":"2024-06-20T15:48:05","guid":{"rendered":"https:\/\/sertv.gob.pa\/crisolfm\/?p=62333"},"modified":"2024-06-20T15:48:05","modified_gmt":"2024-06-20T15:48:05","slug":"fisioterapeutas-del-iphe-en-conjunto-con-otros-especialistas-imparten-docencia-en-el-iendi","status":"publish","type":"post","link":"https:\/\/sertv.gob.pa\/crisolfm\/fisioterapeutas-del-iphe-en-conjunto-con-otros-especialistas-imparten-docencia-en-el-iendi\/","title":{"rendered":"Fisioterapeutas del IPHE en conjunto con otros especialistas imparten docencia en el IENDI"},"content":{"rendered":"<p><strong><em>Con el objetivo de presentar el rol activo del fisioterapeuta en la intervenci\u00f3n del paciente pedi\u00e1trico con trastornos del neurodesarrollo, especialistas en terapia f\u00edsica, realizaron la conferencia \u201cImportancia de la fisioterapia en los trastornos del neurodesarrollo\u201d, en el Instituto Especializado de Neurodesarrollo Integral (IENDI).<\/em><\/strong><\/p>\n<p><strong><em>Los temas centrales tratados fueron: Trastorno por D\u00e9ficit de Atenci\u00f3n e<br \/>\nHiperactividad (TDAH), Alteraciones sensoriales, S\u00edndrome de Down,<br \/>\nAlteraciones del Tono muscular y Trastorno del Espectro Autista (TEA), entre<br \/>\notras, adem\u00e1s de la forma en que estas contribuyen en la optimizaci\u00f3n de los<br \/>\naspectos motores, cognitivos y sensoriales del infante para su integraci\u00f3n en el \u00e1mbito familiar, social y escolar.<\/em><\/strong><\/p>\n<p><strong><em>La jornada estuvo dirigida a 38 participantes, entre: m\u00e9dicos pediatras,<br \/>\nenfermeras, fonoaudi\u00f3logos, trabajadores sociales, terapeutas ocupacionales, estimuladores tempranos y personal administrativo del instituto.<\/em><\/strong><\/p>\n<p><strong><em>El fisioterapeuta a nivel pedi\u00e1trico eval\u00faa, detecta y trata aquellos trastornos que dificulten la libertad de movimientos acorde a la edad y el desarrollo psicomotor. El tratamiento en los trastornos del neurodesarrollo debe ser multidisciplinar y personalizado para favorecer el pleno desarrollo motor y sensorial que contribuye al comportamiento e integraci\u00f3n del individuo.<\/em><\/strong><\/p>\n<p><strong><em>El fisioterapeuta en los trastornos del neurodesarrollo interviene en ni\u00f1os con Actividad reducida o aumentada, posturas incorrectas (desviaciones en la columna vertebral, sentarse en \u201cW\u201d), alteraciones de la marcha y el equilibrio: caminar en puntillas, arrastrar pies, alteraciones del tono muscular y alteraciones de la sensibilidad, entre otros.<\/em><\/strong><\/p>\n<p><strong><em>\u00a0<\/em><\/strong><\/p>\n<p>Fuente: IPHE<\/p>\n<p>&nbsp;<\/p>\n","protected":false},"excerpt":{"rendered":"<p>Con el objetivo de presentar el rol activo del fisioterapeuta <a href=\"https:\/\/sertv.gob.pa\/crisolfm\/fisioterapeutas-del-iphe-en-conjunto-con-otros-especialistas-imparten-docencia-en-el-iendi\/\"> [&#8230;]<\/a><\/p>\n","protected":false},"author":9,"featured_media":62334,"comment_status":"closed","ping_status":"closed","sticky":false,"template":"","format":"standard","meta":{"footnotes":""},"categories":[14],"tags":[],"class_list":["post-62333","post","type-post","status-publish","format-standard","has-post-thumbnail","hentry","category-salud"],"_links":{"self":[{"href":"https:\/\/sertv.gob.pa\/crisolfm\/wp-json\/wp\/v2\/posts\/62333","targetHints":{"allow":["GET"]}}],"collection":[{"href":"https:\/\/sertv.gob.pa\/crisolfm\/wp-json\/wp\/v2\/posts"}],"about":[{"href":"https:\/\/sertv.gob.pa\/crisolfm\/wp-json\/wp\/v2\/types\/post"}],"author":[{"embeddable":true,"href":"https:\/\/sertv.gob.pa\/crisolfm\/wp-json\/wp\/v2\/users\/9"}],"replies":[{"embeddable":true,"href":"https:\/\/sertv.gob.pa\/crisolfm\/wp-json\/wp\/v2\/comments?post=62333"}],"version-history":[{"count":1,"href":"https:\/\/sertv.gob.pa\/crisolfm\/wp-json\/wp\/v2\/posts\/62333\/revisions"}],"predecessor-version":[{"id":62335,"href":"https:\/\/sertv.gob.pa\/crisolfm\/wp-json\/wp\/v2\/posts\/62333\/revisions\/62335"}],"wp:featuredmedia":[{"embeddable":true,"href":"https:\/\/sertv.gob.pa\/crisolfm\/wp-json\/wp\/v2\/media\/62334"}],"wp:attachment":[{"href":"https:\/\/sertv.gob.pa\/crisolfm\/wp-json\/wp\/v2\/media?parent=62333"}],"wp:term":[{"taxonomy":"category","embeddable":true,"href":"https:\/\/sertv.gob.pa\/crisolfm\/wp-json\/wp\/v2\/categories?post=62333"},{"taxonomy":"post_tag","embeddable":true,"href":"https:\/\/sertv.gob.pa\/crisolfm\/wp-json\/wp\/v2\/tags?post=62333"}],"curies":[{"name":"wp","href":"https:\/\/api.w.org\/{rel}","templated":true}]}}