{"id":6248,"date":"2016-09-22T16:26:16","date_gmt":"2016-09-22T16:26:16","guid":{"rendered":""},"modified":"2016-09-22T16:26:16","modified_gmt":"2016-09-22T16:26:16","slug":"viviendas-afectadas-en-azuero-por-intensas-lluvias","status":"publish","type":"post","link":"https:\/\/sertv.gob.pa\/crisolfm\/viviendas-afectadas-en-azuero-por-intensas-lluvias\/","title":{"rendered":"Viviendas afectadas en Azuero por intensas lluvias"},"content":{"rendered":"<p>\nAl menos cinco viviendas sufrieron afectaciones luego que en r\u00edo La Villa se saliera de su cauce, tras las fuertes lluvias registradas en las \u00faltimas horas en la regi\u00f3n. <\/p>\n<p>Seg\u00fan el  Sistema Nacional de Protecci\u00f3n Civil  (Sinaproc), personal se\u00a0traslad\u00f3 a\u00a0la barriada Villa Bonita, en el corregimiento de  Los Santos , para poder hacer las evaluaciones correspondientes. <\/p>\n<p>Otras casas afectadas se ubicaban en el corregimiento de El Cacao de Tonos\u00ed.\u00a0Igualmente se contabiliz\u00f3 la ca\u00edda de ocho \u00e1rboles en toda la provincia, inform\u00f3 H\u00e9ctor Gracia, director del Sinaproc en Los Santos.\u00a0 <\/p>\n<p>Por otro lado, cinco casas tambi\u00e9n fueron afectadas en Oc\u00fa debido a \u00a0las intensas lluvias en la provincia de Herrera. <\/p>\n<p>Valent\u00edn Garc\u00eda, director del Sinaproc en Herrera, explic\u00f3 que la afectaci\u00f3n se dio producto del desbordamiento de la quebrada La Porcada. De las cinco viviendas afectadas, tres fueron de consideraci\u00f3n ya que sus ocupantes perdieron todos sus enseres. <\/p>\n<p>\u00a0 <\/p>\n","protected":false},"excerpt":{"rendered":"<p>Al menos cinco viviendas sufrieron afectaciones luego que en r\u00edo <a href=\"https:\/\/sertv.gob.pa\/crisolfm\/viviendas-afectadas-en-azuero-por-intensas-lluvias\/\"> [&#8230;]<\/a><\/p>\n","protected":false},"author":1,"featured_media":6249,"comment_status":"closed","ping_status":"closed","sticky":false,"template":"","format":"standard","meta":{"footnotes":""},"categories":[7],"tags":[],"class_list":["post-6248","post","type-post","status-publish","format-standard","has-post-thumbnail","hentry","category-ecologicas"],"_links":{"self":[{"href":"https:\/\/sertv.gob.pa\/crisolfm\/wp-json\/wp\/v2\/posts\/6248","targetHints":{"allow":["GET"]}}],"collection":[{"href":"https:\/\/sertv.gob.pa\/crisolfm\/wp-json\/wp\/v2\/posts"}],"about":[{"href":"https:\/\/sertv.gob.pa\/crisolfm\/wp-json\/wp\/v2\/types\/post"}],"author":[{"embeddable":true,"href":"https:\/\/sertv.gob.pa\/crisolfm\/wp-json\/wp\/v2\/users\/1"}],"replies":[{"embeddable":true,"href":"https:\/\/sertv.gob.pa\/crisolfm\/wp-json\/wp\/v2\/comments?post=6248"}],"version-history":[{"count":0,"href":"https:\/\/sertv.gob.pa\/crisolfm\/wp-json\/wp\/v2\/posts\/6248\/revisions"}],"wp:featuredmedia":[{"embeddable":true,"href":"https:\/\/sertv.gob.pa\/crisolfm\/wp-json\/wp\/v2\/media\/6249"}],"wp:attachment":[{"href":"https:\/\/sertv.gob.pa\/crisolfm\/wp-json\/wp\/v2\/media?parent=6248"}],"wp:term":[{"taxonomy":"category","embeddable":true,"href":"https:\/\/sertv.gob.pa\/crisolfm\/wp-json\/wp\/v2\/categories?post=6248"},{"taxonomy":"post_tag","embeddable":true,"href":"https:\/\/sertv.gob.pa\/crisolfm\/wp-json\/wp\/v2\/tags?post=6248"}],"curies":[{"name":"wp","href":"https:\/\/api.w.org\/{rel}","templated":true}]}}