{"id":62493,"date":"2024-06-26T16:53:54","date_gmt":"2024-06-26T16:53:54","guid":{"rendered":"https:\/\/sertv.gob.pa\/crisolfm\/?p=62493"},"modified":"2024-06-26T16:53:54","modified_gmt":"2024-06-26T16:53:54","slug":"en-centro-de-salud-de-las-mananitas-colocan-placas-de-reconocimiento-por-la-trayectoria-en-beneficio-de-la-poblacion","status":"publish","type":"post","link":"https:\/\/sertv.gob.pa\/crisolfm\/en-centro-de-salud-de-las-mananitas-colocan-placas-de-reconocimiento-por-la-trayectoria-en-beneficio-de-la-poblacion\/","title":{"rendered":"En Centro de Salud de Las Ma\u00f1anitas, colocan placas de reconocimiento por la trayectoria en beneficio de la poblaci\u00f3n"},"content":{"rendered":"<div class=\"fusion-fullwidth fullwidth-box fusion-builder-row-1 fusion-flex-container has-pattern-background has-mask-background nonhundred-percent-fullwidth non-hundred-percent-height-scrolling\" style=\"--awb-border-radius-top-left:0px;--awb-border-radius-top-right:0px;--awb-border-radius-bottom-right:0px;--awb-border-radius-bottom-left:0px;--awb-flex-wrap:wrap;\" ><div class=\"fusion-builder-row fusion-row fusion-flex-align-items-flex-start fusion-flex-content-wrap\" style=\"max-width:1144px;margin-left: calc(-4% \/ 2 );margin-right: calc(-4% \/ 2 );\"><div class=\"fusion-layout-column fusion_builder_column fusion-builder-column-0 fusion_builder_column_1_1 1_1 fusion-flex-column\" style=\"--awb-bg-size:cover;--awb-width-large:100%;--awb-margin-top-large:0px;--awb-spacing-right-large:1.92%;--awb-margin-bottom-large:20px;--awb-spacing-left-large:1.92%;--awb-width-medium:100%;--awb-order-medium:0;--awb-spacing-right-medium:1.92%;--awb-spacing-left-medium:1.92%;--awb-width-small:100%;--awb-order-small:0;--awb-spacing-right-small:1.92%;--awb-spacing-left-small:1.92%;\"><div class=\"fusion-column-wrapper fusion-column-has-shadow fusion-flex-justify-content-flex-start fusion-content-layout-column\"><div class=\"fusion-text fusion-text-1\"><p><strong><em>Panam\u00e1, <\/em><\/strong><\/p>\n<p><strong><em>\u00a0<\/em><\/strong><\/p>\n<p><strong><em>En el Centro de Salud de Las Ma\u00f1anitas, la regi\u00f3n Metropolitana, realiz\u00f3\u00a0 el reconocimiento y homenaje\u00a0 a la licenciada Nimia Valdespino, Educadora para la Salud y al Padre Bernardo Van Qathem,\u00a0 por sus\u00a0 trayectorias enfocadas en la educaci\u00f3n, comunicaci\u00f3n y participaci\u00f3n social desde el punto de vista en salud.<\/em><\/strong><\/p>\n<p><strong><em>Eduardo Villarreal, director m\u00e9dico de la instalaci\u00f3n Omidia Quintero De Le\u00f3n, resalt\u00f3 el trabajo, dedicaci\u00f3n y los aportes efectuados por la licenciada Valdespino hacia la comunidad de Las Ma\u00f1anitas, con las actividades comunitarias en temas de salud, el apoyo a la formaci\u00f3n de comit\u00e9s de salud y la promoci\u00f3n por 48 a\u00f1os de servicios en el Ministerio de Salud.<\/em><\/strong><\/p>\n<p><strong><em>Tambi\u00e9n, agradeci\u00f3 al padre Qathem,\u00a0por su aporte en el espacio donde se ubic\u00f3 el primer centro de salud de Las Ma\u00f1anitas y que, en la actualidad, mantiene la nueva instalaci\u00f3n reci\u00e9n inaugurada y de otros aportes hacia la comunidad.<\/em><\/strong><\/p>\n<p><strong><em>Para reforzar el homenaje en vida, se develaron placas que nombran el sal\u00f3n de reuniones como Licda. Nimia Valdespino y el\u00a0\u00e1rea de Fisioterapia y Terapia Ocupacional, Padre Bernardo Van Qathem, a personas que con desinter\u00e9s llevaron grandes beneficios a la poblaci\u00f3n de Las Ma\u00f1anitas.<\/em><\/strong><\/p>\n<p><strong><em>De la actividad, participaron autoridades locales, Promotores y Educadores para la Salud, compa\u00f1eros, familiares, comunidad eclesi\u00e1stica y amistades de los homenajeados.<\/em><\/strong><\/p>\n<p><strong><em>\u00a0<\/em><\/strong><\/p>\n<p>Fuente: MINSA<\/p>\n<\/div><div class=\"awb-gallery-wrapper awb-gallery-wrapper-1 button-span-no\" style=\"--more-btn-alignment:center;\"><div style=\"margin:-5px;--awb-bordersize:0px;\" class=\"fusion-gallery fusion-gallery-container fusion-grid-3 fusion-columns-total-3 fusion-gallery-layout-grid fusion-gallery-1\"><div style=\"padding:5px;\" class=\"fusion-grid-column fusion-gallery-column fusion-gallery-column-3 hover-type-none\"><div class=\"fusion-gallery-image\"><a href=\"https:\/\/sertv.gob.pa\/crisolfm\/wp-content\/uploads\/sites\/2\/2024\/06\/HOMENAJE-EN-LAS-MANANITAS-1.jpeg\" rel=\"noreferrer\" data-rel=\"iLightbox[gallery_image_1]\" class=\"fusion-lightbox\" target=\"_self\"><img decoding=\"async\" src=\"https:\/\/sertv.gob.pa\/crisolfm\/wp-content\/uploads\/sites\/2\/2024\/06\/HOMENAJE-EN-LAS-MANANITAS-1.jpeg\" width=\"600\" height=\"450\" alt=\"\" title=\"HOMENAJE EN LAS MA\u00d1ANITAS 1\" aria-label=\"HOMENAJE EN LAS MA\u00d1ANITAS 1\" class=\"img-responsive wp-image-62494\" srcset=\"https:\/\/sertv.gob.pa\/crisolfm\/wp-content\/uploads\/sites\/2\/2024\/06\/HOMENAJE-EN-LAS-MANANITAS-1-200x150.jpeg 200w, https:\/\/sertv.gob.pa\/crisolfm\/wp-content\/uploads\/sites\/2\/2024\/06\/HOMENAJE-EN-LAS-MANANITAS-1-400x300.jpeg 400w, https:\/\/sertv.gob.pa\/crisolfm\/wp-content\/uploads\/sites\/2\/2024\/06\/HOMENAJE-EN-LAS-MANANITAS-1.jpeg 600w\" sizes=\"(min-width: 2200px) 100vw, (min-width: 784px) 363px, (min-width: 712px) 545px, (min-width: 640px) 712px, \" \/><\/a><\/div><\/div><div style=\"padding:5px;\" class=\"fusion-grid-column fusion-gallery-column fusion-gallery-column-3 hover-type-none\"><div class=\"fusion-gallery-image\"><a href=\"https:\/\/sertv.gob.pa\/crisolfm\/wp-content\/uploads\/sites\/2\/2024\/06\/HOMENAJE-EN-LAS-MANANITAS-2.jpeg\" rel=\"noreferrer\" data-rel=\"iLightbox[gallery_image_1]\" class=\"fusion-lightbox\" target=\"_self\"><img decoding=\"async\" src=\"https:\/\/sertv.gob.pa\/crisolfm\/wp-content\/uploads\/sites\/2\/2024\/06\/HOMENAJE-EN-LAS-MANANITAS-2.jpeg\" width=\"600\" height=\"450\" alt=\"\" title=\"HOMENAJE EN LAS MA\u00d1ANITAS 2\" aria-label=\"HOMENAJE EN LAS MA\u00d1ANITAS 2\" class=\"img-responsive wp-image-62495\" srcset=\"https:\/\/sertv.gob.pa\/crisolfm\/wp-content\/uploads\/sites\/2\/2024\/06\/HOMENAJE-EN-LAS-MANANITAS-2-200x150.jpeg 200w, https:\/\/sertv.gob.pa\/crisolfm\/wp-content\/uploads\/sites\/2\/2024\/06\/HOMENAJE-EN-LAS-MANANITAS-2-400x300.jpeg 400w, https:\/\/sertv.gob.pa\/crisolfm\/wp-content\/uploads\/sites\/2\/2024\/06\/HOMENAJE-EN-LAS-MANANITAS-2.jpeg 600w\" sizes=\"(min-width: 2200px) 100vw, (min-width: 784px) 363px, (min-width: 712px) 545px, (min-width: 640px) 712px, \" \/><\/a><\/div><\/div><div style=\"padding:5px;\" class=\"fusion-grid-column fusion-gallery-column fusion-gallery-column-3 hover-type-none\"><div class=\"fusion-gallery-image\"><a href=\"https:\/\/sertv.gob.pa\/crisolfm\/wp-content\/uploads\/sites\/2\/2024\/06\/HOMENAJE-EN-LAS-MANANITAS-3.jpeg\" rel=\"noreferrer\" data-rel=\"iLightbox[gallery_image_1]\" class=\"fusion-lightbox\" target=\"_self\"><img decoding=\"async\" src=\"https:\/\/sertv.gob.pa\/crisolfm\/wp-content\/uploads\/sites\/2\/2024\/06\/HOMENAJE-EN-LAS-MANANITAS-3.jpeg\" width=\"600\" height=\"450\" alt=\"\" title=\"HOMENAJE EN LAS MA\u00d1ANITAS 3\" aria-label=\"HOMENAJE EN LAS MA\u00d1ANITAS 3\" class=\"img-responsive wp-image-62496\" srcset=\"https:\/\/sertv.gob.pa\/crisolfm\/wp-content\/uploads\/sites\/2\/2024\/06\/HOMENAJE-EN-LAS-MANANITAS-3-200x150.jpeg 200w, https:\/\/sertv.gob.pa\/crisolfm\/wp-content\/uploads\/sites\/2\/2024\/06\/HOMENAJE-EN-LAS-MANANITAS-3-400x300.jpeg 400w, https:\/\/sertv.gob.pa\/crisolfm\/wp-content\/uploads\/sites\/2\/2024\/06\/HOMENAJE-EN-LAS-MANANITAS-3.jpeg 600w\" sizes=\"(min-width: 2200px) 100vw, (min-width: 784px) 363px, (min-width: 712px) 545px, (min-width: 640px) 712px, \" \/><\/a><\/div><\/div><div class=\"clearfix\"><\/div><\/div><\/div><\/div><\/div><\/div><\/div>\n","protected":false},"excerpt":{"rendered":"","protected":false},"author":9,"featured_media":62494,"comment_status":"closed","ping_status":"closed","sticky":false,"template":"","format":"standard","meta":{"footnotes":""},"categories":[14],"tags":[],"class_list":["post-62493","post","type-post","status-publish","format-standard","has-post-thumbnail","hentry","category-salud"],"_links":{"self":[{"href":"https:\/\/sertv.gob.pa\/crisolfm\/wp-json\/wp\/v2\/posts\/62493","targetHints":{"allow":["GET"]}}],"collection":[{"href":"https:\/\/sertv.gob.pa\/crisolfm\/wp-json\/wp\/v2\/posts"}],"about":[{"href":"https:\/\/sertv.gob.pa\/crisolfm\/wp-json\/wp\/v2\/types\/post"}],"author":[{"embeddable":true,"href":"https:\/\/sertv.gob.pa\/crisolfm\/wp-json\/wp\/v2\/users\/9"}],"replies":[{"embeddable":true,"href":"https:\/\/sertv.gob.pa\/crisolfm\/wp-json\/wp\/v2\/comments?post=62493"}],"version-history":[{"count":1,"href":"https:\/\/sertv.gob.pa\/crisolfm\/wp-json\/wp\/v2\/posts\/62493\/revisions"}],"predecessor-version":[{"id":62497,"href":"https:\/\/sertv.gob.pa\/crisolfm\/wp-json\/wp\/v2\/posts\/62493\/revisions\/62497"}],"wp:featuredmedia":[{"embeddable":true,"href":"https:\/\/sertv.gob.pa\/crisolfm\/wp-json\/wp\/v2\/media\/62494"}],"wp:attachment":[{"href":"https:\/\/sertv.gob.pa\/crisolfm\/wp-json\/wp\/v2\/media?parent=62493"}],"wp:term":[{"taxonomy":"category","embeddable":true,"href":"https:\/\/sertv.gob.pa\/crisolfm\/wp-json\/wp\/v2\/categories?post=62493"},{"taxonomy":"post_tag","embeddable":true,"href":"https:\/\/sertv.gob.pa\/crisolfm\/wp-json\/wp\/v2\/tags?post=62493"}],"curies":[{"name":"wp","href":"https:\/\/api.w.org\/{rel}","templated":true}]}}