{"id":62530,"date":"2024-06-27T15:45:22","date_gmt":"2024-06-27T15:45:22","guid":{"rendered":"https:\/\/sertv.gob.pa\/crisolfm\/?p=62530"},"modified":"2024-06-27T15:45:22","modified_gmt":"2024-06-27T15:45:22","slug":"padres-de-bocas-del-toro-reciben-docencia-sobre-salud-y-emociones","status":"publish","type":"post","link":"https:\/\/sertv.gob.pa\/crisolfm\/padres-de-bocas-del-toro-reciben-docencia-sobre-salud-y-emociones\/","title":{"rendered":"Padres de Bocas del Toro reciben docencia sobre salud y emociones"},"content":{"rendered":"<div class=\"fusion-fullwidth fullwidth-box fusion-builder-row-1 fusion-flex-container has-pattern-background has-mask-background nonhundred-percent-fullwidth non-hundred-percent-height-scrolling\" style=\"--awb-border-radius-top-left:0px;--awb-border-radius-top-right:0px;--awb-border-radius-bottom-right:0px;--awb-border-radius-bottom-left:0px;--awb-flex-wrap:wrap;\" ><div class=\"fusion-builder-row fusion-row fusion-flex-align-items-flex-start fusion-flex-content-wrap\" style=\"max-width:1144px;margin-left: calc(-4% \/ 2 );margin-right: calc(-4% \/ 2 );\"><div class=\"fusion-layout-column fusion_builder_column fusion-builder-column-0 fusion_builder_column_1_1 1_1 fusion-flex-column\" style=\"--awb-bg-size:cover;--awb-width-large:100%;--awb-margin-top-large:0px;--awb-spacing-right-large:1.92%;--awb-margin-bottom-large:20px;--awb-spacing-left-large:1.92%;--awb-width-medium:100%;--awb-order-medium:0;--awb-spacing-right-medium:1.92%;--awb-spacing-left-medium:1.92%;--awb-width-small:100%;--awb-order-small:0;--awb-spacing-right-small:1.92%;--awb-spacing-left-small:1.92%;\"><div class=\"fusion-column-wrapper fusion-column-has-shadow fusion-flex-justify-content-flex-start fusion-content-layout-column\"><div class=\"fusion-text fusion-text-1\"><p><strong><em>Cumpliendo con el manual de orientaci\u00f3n y capacitaci\u00f3n al padre de familia, enfocados en el apoyo que deben brindar a sus hijos en el proceso educativo, las especialistas en psicolog\u00edas, asignadas a la Extensi\u00f3n de Bocas del Toro, desarrollaron la docencia \u2018Importancia de la comunicaci\u00f3n e integraci\u00f3n familiar\u201d<\/em><\/strong><\/p>\n<p><strong><em>La ense\u00f1anza, donde participaron 22 padres de familia, se centr\u00f3 en compartir consejos para mejorar la salud, conocer el significado de la homeostasis emocional (es la que se encarga de adaptar nuestro organismo a los cambios del entorno) y lo relacionado no solo a nivel f\u00edsico, sino tambi\u00e9n mental y de igual manera como concientizar sobre la importancia de la comunicaci\u00f3n e integraci\u00f3n familiar.<\/em><\/strong><\/p>\n<p><strong><em>Los asistentes, disfrutaron de momentos de esparcimiento, que incluyeron risoterapias, t\u00e9cnica de meditaci\u00f3n y juegos l\u00fadicos, con la finalidad de regular sus emociones, mejorar el estado de \u00e1nimo y la capacidad de concentraci\u00f3n. En la jornada, tambi\u00e9n participaron 10 especialistas t\u00e9cnico de la Extensi\u00f3n de Bocas del Toro.<\/em><\/strong><\/p>\n<p><strong><em>La docencia, dictada por las licenciadas Kathrin Vega y Lisseth P\u00e9rez, psic\u00f3logas del IPHE, se llev\u00f3 a cabo en el Auditorio de la Cooperativa de Servicios M\u00faltiples Bananera del Atl\u00e1ntico (COOBANA, R.L.), en Changuinola.\u00a0<\/em><\/strong><\/p>\n<p><strong><em>\u00a0<\/em><\/strong><\/p>\n<p>Fuente: IPHE<\/p>\n<p><strong><em>\u00a0<\/em><\/strong><\/p>\n<\/div><div class=\"awb-gallery-wrapper awb-gallery-wrapper-1 button-span-no\" style=\"--more-btn-alignment:center;\"><div style=\"margin:-5px;--awb-bordersize:0px;\" class=\"fusion-gallery fusion-gallery-container fusion-grid-3 fusion-columns-total-4 fusion-gallery-layout-grid fusion-gallery-1\"><div style=\"padding:5px;\" class=\"fusion-grid-column fusion-gallery-column fusion-gallery-column-3 hover-type-none\"><div class=\"fusion-gallery-image\"><a href=\"https:\/\/sertv.gob.pa\/crisolfm\/wp-content\/uploads\/sites\/2\/2024\/06\/DOCENCIA-SALUD-Y-EMOCIONES-2.jpeg\" rel=\"noreferrer\" data-rel=\"iLightbox[gallery_image_1]\" class=\"fusion-lightbox\" target=\"_self\"><img decoding=\"async\" src=\"https:\/\/sertv.gob.pa\/crisolfm\/wp-content\/uploads\/sites\/2\/2024\/06\/DOCENCIA-SALUD-Y-EMOCIONES-2.jpeg\" width=\"400\" height=\"400\" alt=\"\" title=\"DOCENCIA SALUD Y EMOCIONES 2\" aria-label=\"DOCENCIA SALUD Y EMOCIONES 2\" class=\"img-responsive wp-image-62532\" srcset=\"https:\/\/sertv.gob.pa\/crisolfm\/wp-content\/uploads\/sites\/2\/2024\/06\/DOCENCIA-SALUD-Y-EMOCIONES-2-200x200.jpeg 200w, https:\/\/sertv.gob.pa\/crisolfm\/wp-content\/uploads\/sites\/2\/2024\/06\/DOCENCIA-SALUD-Y-EMOCIONES-2.jpeg 400w\" sizes=\"(min-width: 2200px) 100vw, (min-width: 784px) 363px, (min-width: 712px) 545px, (min-width: 640px) 712px, \" \/><\/a><\/div><\/div><div style=\"padding:5px;\" class=\"fusion-grid-column fusion-gallery-column fusion-gallery-column-3 hover-type-none\"><div class=\"fusion-gallery-image\"><a href=\"https:\/\/sertv.gob.pa\/crisolfm\/wp-content\/uploads\/sites\/2\/2024\/06\/DOCENCIA-SALUD-Y-EMOCIONES-3.jpeg\" rel=\"noreferrer\" data-rel=\"iLightbox[gallery_image_1]\" class=\"fusion-lightbox\" target=\"_self\"><img decoding=\"async\" src=\"https:\/\/sertv.gob.pa\/crisolfm\/wp-content\/uploads\/sites\/2\/2024\/06\/DOCENCIA-SALUD-Y-EMOCIONES-3.jpeg\" width=\"600\" height=\"329\" alt=\"\" title=\"DOCENCIA SALUD Y EMOCIONES 3\" aria-label=\"DOCENCIA SALUD Y EMOCIONES 3\" class=\"img-responsive wp-image-62533\" srcset=\"https:\/\/sertv.gob.pa\/crisolfm\/wp-content\/uploads\/sites\/2\/2024\/06\/DOCENCIA-SALUD-Y-EMOCIONES-3-200x110.jpeg 200w, https:\/\/sertv.gob.pa\/crisolfm\/wp-content\/uploads\/sites\/2\/2024\/06\/DOCENCIA-SALUD-Y-EMOCIONES-3-400x219.jpeg 400w, https:\/\/sertv.gob.pa\/crisolfm\/wp-content\/uploads\/sites\/2\/2024\/06\/DOCENCIA-SALUD-Y-EMOCIONES-3.jpeg 600w\" sizes=\"(min-width: 2200px) 100vw, (min-width: 784px) 363px, (min-width: 712px) 545px, (min-width: 640px) 712px, \" \/><\/a><\/div><\/div><div style=\"padding:5px;\" class=\"fusion-grid-column fusion-gallery-column fusion-gallery-column-3 hover-type-none\"><div class=\"fusion-gallery-image\"><a href=\"https:\/\/sertv.gob.pa\/crisolfm\/wp-content\/uploads\/sites\/2\/2024\/06\/DOCENCIA-SALUD-Y-EMOCIONES-5.jpeg\" rel=\"noreferrer\" data-rel=\"iLightbox[gallery_image_1]\" class=\"fusion-lightbox\" target=\"_self\"><img decoding=\"async\" src=\"https:\/\/sertv.gob.pa\/crisolfm\/wp-content\/uploads\/sites\/2\/2024\/06\/DOCENCIA-SALUD-Y-EMOCIONES-5.jpeg\" width=\"545\" height=\"600\" alt=\"\" title=\"DOCENCIA SALUD Y EMOCIONES 5\" aria-label=\"DOCENCIA SALUD Y EMOCIONES 5\" class=\"img-responsive wp-image-62535\" srcset=\"https:\/\/sertv.gob.pa\/crisolfm\/wp-content\/uploads\/sites\/2\/2024\/06\/DOCENCIA-SALUD-Y-EMOCIONES-5-200x220.jpeg 200w, https:\/\/sertv.gob.pa\/crisolfm\/wp-content\/uploads\/sites\/2\/2024\/06\/DOCENCIA-SALUD-Y-EMOCIONES-5-400x440.jpeg 400w, https:\/\/sertv.gob.pa\/crisolfm\/wp-content\/uploads\/sites\/2\/2024\/06\/DOCENCIA-SALUD-Y-EMOCIONES-5.jpeg 545w\" sizes=\"(min-width: 2200px) 100vw, (min-width: 784px) 363px, (min-width: 712px) 545px, (min-width: 640px) 712px, \" \/><\/a><\/div><\/div><div class=\"clearfix\"><\/div><div style=\"padding:5px;\" class=\"fusion-grid-column fusion-gallery-column fusion-gallery-column-3 hover-type-none\"><div class=\"fusion-gallery-image\"><a href=\"https:\/\/sertv.gob.pa\/crisolfm\/wp-content\/uploads\/sites\/2\/2024\/06\/DOCENCIA-SALUD-Y-EMOCIONES-6.jpeg\" rel=\"noreferrer\" data-rel=\"iLightbox[gallery_image_1]\" class=\"fusion-lightbox\" target=\"_self\"><img decoding=\"async\" src=\"https:\/\/sertv.gob.pa\/crisolfm\/wp-content\/uploads\/sites\/2\/2024\/06\/DOCENCIA-SALUD-Y-EMOCIONES-6.jpeg\" width=\"600\" height=\"368\" alt=\"\" title=\"DOCENCIA SALUD Y EMOCIONES 6\" aria-label=\"DOCENCIA SALUD Y EMOCIONES 6\" class=\"img-responsive wp-image-62536\" srcset=\"https:\/\/sertv.gob.pa\/crisolfm\/wp-content\/uploads\/sites\/2\/2024\/06\/DOCENCIA-SALUD-Y-EMOCIONES-6-200x123.jpeg 200w, https:\/\/sertv.gob.pa\/crisolfm\/wp-content\/uploads\/sites\/2\/2024\/06\/DOCENCIA-SALUD-Y-EMOCIONES-6-400x245.jpeg 400w, https:\/\/sertv.gob.pa\/crisolfm\/wp-content\/uploads\/sites\/2\/2024\/06\/DOCENCIA-SALUD-Y-EMOCIONES-6.jpeg 600w\" sizes=\"(min-width: 2200px) 100vw, (min-width: 784px) 363px, (min-width: 712px) 545px, (min-width: 640px) 712px, \" \/><\/a><\/div><\/div><\/div><\/div><\/div><\/div><\/div><\/div>\n","protected":false},"excerpt":{"rendered":"","protected":false},"author":9,"featured_media":62531,"comment_status":"closed","ping_status":"closed","sticky":false,"template":"","format":"standard","meta":{"footnotes":""},"categories":[14],"tags":[],"class_list":["post-62530","post","type-post","status-publish","format-standard","has-post-thumbnail","hentry","category-salud"],"_links":{"self":[{"href":"https:\/\/sertv.gob.pa\/crisolfm\/wp-json\/wp\/v2\/posts\/62530","targetHints":{"allow":["GET"]}}],"collection":[{"href":"https:\/\/sertv.gob.pa\/crisolfm\/wp-json\/wp\/v2\/posts"}],"about":[{"href":"https:\/\/sertv.gob.pa\/crisolfm\/wp-json\/wp\/v2\/types\/post"}],"author":[{"embeddable":true,"href":"https:\/\/sertv.gob.pa\/crisolfm\/wp-json\/wp\/v2\/users\/9"}],"replies":[{"embeddable":true,"href":"https:\/\/sertv.gob.pa\/crisolfm\/wp-json\/wp\/v2\/comments?post=62530"}],"version-history":[{"count":1,"href":"https:\/\/sertv.gob.pa\/crisolfm\/wp-json\/wp\/v2\/posts\/62530\/revisions"}],"predecessor-version":[{"id":62537,"href":"https:\/\/sertv.gob.pa\/crisolfm\/wp-json\/wp\/v2\/posts\/62530\/revisions\/62537"}],"wp:featuredmedia":[{"embeddable":true,"href":"https:\/\/sertv.gob.pa\/crisolfm\/wp-json\/wp\/v2\/media\/62531"}],"wp:attachment":[{"href":"https:\/\/sertv.gob.pa\/crisolfm\/wp-json\/wp\/v2\/media?parent=62530"}],"wp:term":[{"taxonomy":"category","embeddable":true,"href":"https:\/\/sertv.gob.pa\/crisolfm\/wp-json\/wp\/v2\/categories?post=62530"},{"taxonomy":"post_tag","embeddable":true,"href":"https:\/\/sertv.gob.pa\/crisolfm\/wp-json\/wp\/v2\/tags?post=62530"}],"curies":[{"name":"wp","href":"https:\/\/api.w.org\/{rel}","templated":true}]}}