{"id":62578,"date":"2024-06-28T14:45:40","date_gmt":"2024-06-28T14:45:40","guid":{"rendered":"https:\/\/sertv.gob.pa\/crisolfm\/?p=62578"},"modified":"2024-06-28T14:45:40","modified_gmt":"2024-06-28T14:45:40","slug":"conmemoran-el-dia-internacional-de-la-lucha-contra-el-dengue","status":"publish","type":"post","link":"https:\/\/sertv.gob.pa\/crisolfm\/conmemoran-el-dia-internacional-de-la-lucha-contra-el-dengue\/","title":{"rendered":"Conmemoran el D\u00eda Internacional de la Lucha contra el Dengue"},"content":{"rendered":"<p><strong><em>Col\u00f3n, <\/em><\/strong><\/p>\n<p><strong><em>\u00a0<\/em><\/strong><\/p>\n<p><strong><em>En una iniciativa para reforzar la lucha contra el Dengue y promover la salud p\u00fablica, se realiz\u00f3 una marcha en conmemoraci\u00f3n del D\u00eda Internacional de la Lucha contra el Dengue.<\/em><\/strong><\/p>\n<p><strong><em>La actividad organizada por el Ministerio de Salud (MINSA) de Col\u00f3n, cont\u00f3 con la participaci\u00f3n entusiasta de varias escuelas y personal del ministerio.<\/em><\/strong><\/p>\n<p><strong><em>Portando pancartas y compartiendo mensajes educativos, los participantes se dirigieron a transe\u00fantes y conductores, difundiendo informaci\u00f3n vital sobre la prevenci\u00f3n del dengue.<\/em><\/strong><\/p>\n<p><strong><em>Esta campa\u00f1a de concienciaci\u00f3n tiene como objetivo principal, educar a la poblaci\u00f3n sobre las acciones necesarias para combatir la propagaci\u00f3n del mosquito Aedes Aegyptis, principal vector del dengue.<\/em><\/strong><\/p>\n<p><strong><em>Galina Brown, subcoordinadora del Departamento de Control de Vectores, subray\u00f3 la importancia de formar a las nuevas generaciones en pr\u00e1cticas preventivas.<\/em><\/strong><\/p>\n<p><strong><em>\u00abUno de los objetivos es formar a los ni\u00f1os desde el inicio para que eliminen los criaderos y as\u00ed ayudar a concientizar a la poblaci\u00f3n\u00bb, declar\u00f3 Brown.<\/em><\/strong><\/p>\n<p><strong><em>Esta educaci\u00f3n temprana es esencial para crear una comunidad consciente y proactiva en la eliminaci\u00f3n de criaderos de mosquitos.<\/em><\/strong><\/p>\n<p><strong><em>El informe de vigilancia epidemiol\u00f3gica de la regi\u00f3n revela 918 casos de dengue y 6 defunciones, siendo los corregimientos de Crist\u00f3bal, Crist\u00f3bal Este y Buena Vista las \u00e1reas con mayor incidencia de casos.<\/em><\/strong><\/p>\n<p><strong><em>La marcha no solo sirvi\u00f3 para informar, sino tambi\u00e9n para movilizar a la comunidad en acciones concretas de promoci\u00f3n de la salud, como la eliminaci\u00f3n de criaderos y la adopci\u00f3n de medidas preventivas en el hogar y en la comunidad, resaltando la necesidad de un esfuerzo colectivo para combatir el dengue y proteger la salud p\u00fablica.<\/em><\/strong><\/p>\n<p>&nbsp;<\/p>\n<p>Fuente: MINSA<\/p>\n<p>&nbsp;<\/p>\n","protected":false},"excerpt":{"rendered":"<p>Col\u00f3n, \u00a0 En una iniciativa para reforzar la lucha contra <a href=\"https:\/\/sertv.gob.pa\/crisolfm\/conmemoran-el-dia-internacional-de-la-lucha-contra-el-dengue\/\"> [&#8230;]<\/a><\/p>\n","protected":false},"author":9,"featured_media":62579,"comment_status":"closed","ping_status":"closed","sticky":false,"template":"","format":"standard","meta":{"footnotes":""},"categories":[14],"tags":[],"class_list":["post-62578","post","type-post","status-publish","format-standard","has-post-thumbnail","hentry","category-salud"],"_links":{"self":[{"href":"https:\/\/sertv.gob.pa\/crisolfm\/wp-json\/wp\/v2\/posts\/62578","targetHints":{"allow":["GET"]}}],"collection":[{"href":"https:\/\/sertv.gob.pa\/crisolfm\/wp-json\/wp\/v2\/posts"}],"about":[{"href":"https:\/\/sertv.gob.pa\/crisolfm\/wp-json\/wp\/v2\/types\/post"}],"author":[{"embeddable":true,"href":"https:\/\/sertv.gob.pa\/crisolfm\/wp-json\/wp\/v2\/users\/9"}],"replies":[{"embeddable":true,"href":"https:\/\/sertv.gob.pa\/crisolfm\/wp-json\/wp\/v2\/comments?post=62578"}],"version-history":[{"count":1,"href":"https:\/\/sertv.gob.pa\/crisolfm\/wp-json\/wp\/v2\/posts\/62578\/revisions"}],"predecessor-version":[{"id":62580,"href":"https:\/\/sertv.gob.pa\/crisolfm\/wp-json\/wp\/v2\/posts\/62578\/revisions\/62580"}],"wp:featuredmedia":[{"embeddable":true,"href":"https:\/\/sertv.gob.pa\/crisolfm\/wp-json\/wp\/v2\/media\/62579"}],"wp:attachment":[{"href":"https:\/\/sertv.gob.pa\/crisolfm\/wp-json\/wp\/v2\/media?parent=62578"}],"wp:term":[{"taxonomy":"category","embeddable":true,"href":"https:\/\/sertv.gob.pa\/crisolfm\/wp-json\/wp\/v2\/categories?post=62578"},{"taxonomy":"post_tag","embeddable":true,"href":"https:\/\/sertv.gob.pa\/crisolfm\/wp-json\/wp\/v2\/tags?post=62578"}],"curies":[{"name":"wp","href":"https:\/\/api.w.org\/{rel}","templated":true}]}}