{"id":62581,"date":"2024-06-28T15:14:03","date_gmt":"2024-06-28T15:14:03","guid":{"rendered":"https:\/\/sertv.gob.pa\/crisolfm\/?p=62581"},"modified":"2024-06-28T15:15:05","modified_gmt":"2024-06-28T15:15:05","slug":"la-region-panama-oeste-participa-en-jornada-de-pruebas-rapidas-de-vih-realizada-en-el-distrito-de-arraijan","status":"publish","type":"post","link":"https:\/\/sertv.gob.pa\/crisolfm\/la-region-panama-oeste-participa-en-jornada-de-pruebas-rapidas-de-vih-realizada-en-el-distrito-de-arraijan\/","title":{"rendered":"La Regi\u00f3n Panam\u00e1 Oeste participa en jornada de pruebas r\u00e1pidas de VIH realizada en el distrito de Arraij\u00e1n"},"content":{"rendered":"<p><strong><em>En conmemoraci\u00f3n del D\u00eda Nacional de la Prueba de VIH, la coordinaci\u00f3n regional de VIH, ITS y hepatitis virales, coordinaci\u00f3n de tuberculosis, coordinaci\u00f3n regional de laboratorios cl\u00ednicos y Promoci\u00f3n de la Salud de la Regi\u00f3n Panam\u00e1 Oeste, participaron en conjunto en la actividad organizada por PROBIDSIDA realizando 150 pruebas r\u00e1pidas para la detecci\u00f3n temprana del VIH. Este tipo de actividad se realiza a\u00f1o tras a\u00f1o como parte de las acciones alusivas a este d\u00eda.<\/em><\/strong><\/p>\n<p><strong><em>Con el objetivo\u00a0de detectar\u00a0a tiempo pacientes positivos de VIH y referirlos a un tratamiento oportuno.<\/em><\/strong><\/p>\n<p><strong><em>Durante la actividad, tambi\u00e9n se realizaron toma presi\u00f3n, toma de glicemia capilar por funcionarios de la Regi\u00f3n de salud Panam\u00e1 Oeste, asesor\u00eda post prueba de VIH por PROBIDSIDA y la participaci\u00f3n de Universidad del Valle de Guatemala, asociaci\u00f3n transdiversa de Panam\u00e1 y AHF Panam\u00e1.<\/em><\/strong><\/p>\n<p><strong><em>Promoci\u00f3n de la Salud, distribuy\u00f3 material informativo sobre la importancia de la realizaci\u00f3n de la prueba de VIH, mitos y realidades del VIH, art\u00edculos promocionales como: tazas, mascarillas y abanicos con mensajes alusivos al tema del VIH.<\/em><\/strong><\/p>\n<p>&nbsp;<\/p>\n<p>Fuente: MINSA<\/p>\n<p>&nbsp;<\/p>\n","protected":false},"excerpt":{"rendered":"<p>En conmemoraci\u00f3n del D\u00eda Nacional de la Prueba de VIH, <a href=\"https:\/\/sertv.gob.pa\/crisolfm\/la-region-panama-oeste-participa-en-jornada-de-pruebas-rapidas-de-vih-realizada-en-el-distrito-de-arraijan\/\"> [&#8230;]<\/a><\/p>\n","protected":false},"author":9,"featured_media":62584,"comment_status":"closed","ping_status":"closed","sticky":false,"template":"","format":"standard","meta":{"footnotes":""},"categories":[14],"tags":[],"class_list":["post-62581","post","type-post","status-publish","format-standard","has-post-thumbnail","hentry","category-salud"],"_links":{"self":[{"href":"https:\/\/sertv.gob.pa\/crisolfm\/wp-json\/wp\/v2\/posts\/62581","targetHints":{"allow":["GET"]}}],"collection":[{"href":"https:\/\/sertv.gob.pa\/crisolfm\/wp-json\/wp\/v2\/posts"}],"about":[{"href":"https:\/\/sertv.gob.pa\/crisolfm\/wp-json\/wp\/v2\/types\/post"}],"author":[{"embeddable":true,"href":"https:\/\/sertv.gob.pa\/crisolfm\/wp-json\/wp\/v2\/users\/9"}],"replies":[{"embeddable":true,"href":"https:\/\/sertv.gob.pa\/crisolfm\/wp-json\/wp\/v2\/comments?post=62581"}],"version-history":[{"count":1,"href":"https:\/\/sertv.gob.pa\/crisolfm\/wp-json\/wp\/v2\/posts\/62581\/revisions"}],"predecessor-version":[{"id":62583,"href":"https:\/\/sertv.gob.pa\/crisolfm\/wp-json\/wp\/v2\/posts\/62581\/revisions\/62583"}],"wp:featuredmedia":[{"embeddable":true,"href":"https:\/\/sertv.gob.pa\/crisolfm\/wp-json\/wp\/v2\/media\/62584"}],"wp:attachment":[{"href":"https:\/\/sertv.gob.pa\/crisolfm\/wp-json\/wp\/v2\/media?parent=62581"}],"wp:term":[{"taxonomy":"category","embeddable":true,"href":"https:\/\/sertv.gob.pa\/crisolfm\/wp-json\/wp\/v2\/categories?post=62581"},{"taxonomy":"post_tag","embeddable":true,"href":"https:\/\/sertv.gob.pa\/crisolfm\/wp-json\/wp\/v2\/tags?post=62581"}],"curies":[{"name":"wp","href":"https:\/\/api.w.org\/{rel}","templated":true}]}}