{"id":62616,"date":"2024-07-02T16:52:18","date_gmt":"2024-07-02T16:52:18","guid":{"rendered":"https:\/\/sertv.gob.pa\/crisolfm\/?p=62616"},"modified":"2024-07-02T16:52:18","modified_gmt":"2024-07-02T16:52:18","slug":"la-region-de-salud-de-panama-este-capacita-a-colaboradores-comunitarios-en-dti-r-de-malaria","status":"publish","type":"post","link":"https:\/\/sertv.gob.pa\/crisolfm\/la-region-de-salud-de-panama-este-capacita-a-colaboradores-comunitarios-en-dti-r-de-malaria\/","title":{"rendered":"La Regi\u00f3n de Salud de Panam\u00e1 Este capacita a colaboradores comunitarios en DTI-R de Malaria"},"content":{"rendered":"<p><strong><em>En fecha reciente, se llev\u00f3 a cabo la capacitaci\u00f3n de reforzamiento del DTI-R a colaboradores comunitarios\u00a0de los Focos Mal\u00e1ricos de la Regi\u00f3n de Salud de Panam\u00e1 Este en el manejo de casos, como componente fundamental del Plan Estrat\u00e9gico de Eliminaci\u00f3n de la Malaria. <\/em><\/strong><\/p>\n<p><strong><em>Un tratamiento oportuno, con calidad y completo es necesario para disminuir la carga parasitaria y lograr eliminar\u00a0los reservorios de malaria. Por tal raz\u00f3n, se les ha prove\u00eddo de b\u00e1sculas para que el tratamiento se administre mediante el peso, se entrenaron para pesar y calcular las dosis seg\u00fan el peso. De igual manera, se les entreg\u00f3 un kit para la gesti\u00f3n de casos por la Gerencia Nacional del PEEM.\u00a0<\/em><\/strong><\/p>\n<p><strong><em>Estamos convencidos que cada acci\u00f3n nos encarrila hacia el control y la eliminaci\u00f3n de la malaria en Panam\u00e1 Este.<\/em><\/strong><\/p>\n<p><strong><em>\u00a0<\/em><\/strong><\/p>\n<p><em>Fuente: MINSA<\/em><\/p>\n<p><strong><em>\u00a0<\/em><\/strong><\/p>\n<p><strong><em>\u00a0<\/em><\/strong><\/p>\n<p><strong><em>\u00a0<\/em><\/strong><\/p>\n<p><strong><em>\u00a0<\/em><\/strong><\/p>\n<p><strong><em>\u00a0<\/em><\/strong><\/p>\n","protected":false},"excerpt":{"rendered":"<p>En fecha reciente, se llev\u00f3 a cabo la capacitaci\u00f3n de <a href=\"https:\/\/sertv.gob.pa\/crisolfm\/la-region-de-salud-de-panama-este-capacita-a-colaboradores-comunitarios-en-dti-r-de-malaria\/\"> [&#8230;]<\/a><\/p>\n","protected":false},"author":9,"featured_media":62617,"comment_status":"closed","ping_status":"closed","sticky":false,"template":"","format":"standard","meta":{"footnotes":""},"categories":[14],"tags":[],"class_list":["post-62616","post","type-post","status-publish","format-standard","has-post-thumbnail","hentry","category-salud"],"_links":{"self":[{"href":"https:\/\/sertv.gob.pa\/crisolfm\/wp-json\/wp\/v2\/posts\/62616","targetHints":{"allow":["GET"]}}],"collection":[{"href":"https:\/\/sertv.gob.pa\/crisolfm\/wp-json\/wp\/v2\/posts"}],"about":[{"href":"https:\/\/sertv.gob.pa\/crisolfm\/wp-json\/wp\/v2\/types\/post"}],"author":[{"embeddable":true,"href":"https:\/\/sertv.gob.pa\/crisolfm\/wp-json\/wp\/v2\/users\/9"}],"replies":[{"embeddable":true,"href":"https:\/\/sertv.gob.pa\/crisolfm\/wp-json\/wp\/v2\/comments?post=62616"}],"version-history":[{"count":1,"href":"https:\/\/sertv.gob.pa\/crisolfm\/wp-json\/wp\/v2\/posts\/62616\/revisions"}],"predecessor-version":[{"id":62618,"href":"https:\/\/sertv.gob.pa\/crisolfm\/wp-json\/wp\/v2\/posts\/62616\/revisions\/62618"}],"wp:featuredmedia":[{"embeddable":true,"href":"https:\/\/sertv.gob.pa\/crisolfm\/wp-json\/wp\/v2\/media\/62617"}],"wp:attachment":[{"href":"https:\/\/sertv.gob.pa\/crisolfm\/wp-json\/wp\/v2\/media?parent=62616"}],"wp:term":[{"taxonomy":"category","embeddable":true,"href":"https:\/\/sertv.gob.pa\/crisolfm\/wp-json\/wp\/v2\/categories?post=62616"},{"taxonomy":"post_tag","embeddable":true,"href":"https:\/\/sertv.gob.pa\/crisolfm\/wp-json\/wp\/v2\/tags?post=62616"}],"curies":[{"name":"wp","href":"https:\/\/api.w.org\/{rel}","templated":true}]}}