{"id":6262,"date":"2016-09-23T18:48:08","date_gmt":"2016-09-23T18:48:08","guid":{"rendered":""},"modified":"2016-09-23T18:48:08","modified_gmt":"2016-09-23T18:48:08","slug":"la-senacyt-analiza-hoy-la-situacion-de-los-oceanos","status":"publish","type":"post","link":"https:\/\/sertv.gob.pa\/crisolfm\/la-senacyt-analiza-hoy-la-situacion-de-los-oceanos\/","title":{"rendered":"La Senacyt analiza hoy la situaci\u00f3n de los oc\u00e9anos"},"content":{"rendered":"<p>\nHoy, la Secretar\u00eda Nacional de Ciencia, Tecnolog\u00eda e Innovaci\u00f3n (Senacyt) analizar\u00e1 la situaci\u00f3n de los oc\u00e9anos durante el Caf\u00e9-Conversatorio: Ciencia, Pesca y Ambiente, que tendr\u00e1 lugar en el hotel Country Inn Amador, inform\u00f3 la entidad. <\/p>\n<p>Esta actividad, que se lleva a cabo en el marco de la celebraci\u00f3n del Mes de los Oc\u00e9anos, reunir\u00e1 a reconocidos cient\u00edficos y representantes de los diversos subsectores de la industria pesquera (industrial, artesanal y deportiva) para conversar sobre ciencia, pesca y ambiente. <\/p>\n<p>Seg\u00fan la fuente, el prop\u00f3sito del conversatorio es compartir las inquietudes y esperanzas sobre la situaci\u00f3n actual de los recursos marinos costeros y las acciones para la gesti\u00f3n y el manejo sostenible y responsable de estos invaluables recursos naturales. <\/p>\n<p>El evento contar\u00e1 con la participaci\u00f3n de destacados panelistas, entre los que se encuentran los especialistas H\u00e9ctor Guzm\u00e1n, Carlos Vergara Chen, Abdiel Ju\u00e1rez Y Dar\u00edo L\u00f3pez. <\/p>\n<p>El conversatorio es organizado por Senacyt, Funapesca y la asociaci\u00f3n del Mes de los Oc\u00e9anos. <\/p>\n<p>El Mes de los Oc\u00e9anos en Panam\u00e1 se celebra cada a\u00f1o durante el mes de septiembre, con el fin de concienciar a la poblaci\u00f3n sobre la conservaci\u00f3n de los mares. <\/p>\n<p>\u00a0 <\/p>\n","protected":false},"excerpt":{"rendered":"<p>Hoy, la Secretar\u00eda Nacional de Ciencia, Tecnolog\u00eda e Innovaci\u00f3n (Senacyt) <a href=\"https:\/\/sertv.gob.pa\/crisolfm\/la-senacyt-analiza-hoy-la-situacion-de-los-oceanos\/\"> [&#8230;]<\/a><\/p>\n","protected":false},"author":1,"featured_media":6263,"comment_status":"closed","ping_status":"closed","sticky":false,"template":"","format":"standard","meta":{"footnotes":""},"categories":[7],"tags":[],"class_list":["post-6262","post","type-post","status-publish","format-standard","has-post-thumbnail","hentry","category-ecologicas"],"_links":{"self":[{"href":"https:\/\/sertv.gob.pa\/crisolfm\/wp-json\/wp\/v2\/posts\/6262","targetHints":{"allow":["GET"]}}],"collection":[{"href":"https:\/\/sertv.gob.pa\/crisolfm\/wp-json\/wp\/v2\/posts"}],"about":[{"href":"https:\/\/sertv.gob.pa\/crisolfm\/wp-json\/wp\/v2\/types\/post"}],"author":[{"embeddable":true,"href":"https:\/\/sertv.gob.pa\/crisolfm\/wp-json\/wp\/v2\/users\/1"}],"replies":[{"embeddable":true,"href":"https:\/\/sertv.gob.pa\/crisolfm\/wp-json\/wp\/v2\/comments?post=6262"}],"version-history":[{"count":0,"href":"https:\/\/sertv.gob.pa\/crisolfm\/wp-json\/wp\/v2\/posts\/6262\/revisions"}],"wp:featuredmedia":[{"embeddable":true,"href":"https:\/\/sertv.gob.pa\/crisolfm\/wp-json\/wp\/v2\/media\/6263"}],"wp:attachment":[{"href":"https:\/\/sertv.gob.pa\/crisolfm\/wp-json\/wp\/v2\/media?parent=6262"}],"wp:term":[{"taxonomy":"category","embeddable":true,"href":"https:\/\/sertv.gob.pa\/crisolfm\/wp-json\/wp\/v2\/categories?post=6262"},{"taxonomy":"post_tag","embeddable":true,"href":"https:\/\/sertv.gob.pa\/crisolfm\/wp-json\/wp\/v2\/tags?post=6262"}],"curies":[{"name":"wp","href":"https:\/\/api.w.org\/{rel}","templated":true}]}}