{"id":62713,"date":"2024-07-05T16:22:10","date_gmt":"2024-07-05T16:22:10","guid":{"rendered":"https:\/\/sertv.gob.pa\/crisolfm\/?p=62713"},"modified":"2024-07-05T16:22:10","modified_gmt":"2024-07-05T16:22:10","slug":"estudiantes-de-la-escuela-de-ciegos-fortalecen-sus-competencias-personales","status":"publish","type":"post","link":"https:\/\/sertv.gob.pa\/crisolfm\/estudiantes-de-la-escuela-de-ciegos-fortalecen-sus-competencias-personales\/","title":{"rendered":"Estudiantes de la Escuela de Ciegos fortalecen sus competencias personales"},"content":{"rendered":"<p><strong><em>Trabajos de secuencia de im\u00e1genes, as\u00ed como de localizaci\u00f3n del punto Braille, llevan a cabo estudiantes del sal\u00f3n de Preescolar de la Escuela Nacional de Ciegos Helen Keller de la instituci\u00f3n, esto como parte del proceso de ense\u00f1anza y aprendizaje de los estudiantes en el aula de clases, garantizando as\u00ed una educaci\u00f3n de calidad en igualdad de oportunidades para que nadie se quede atr\u00e1s.\u00a0<\/em><\/strong><\/p>\n<p><strong><em>A trav\u00e9s de los talleres de secuencia, dictados por la maestra Sandra Bolt, se busca que los estudiantes desarrollen el razonamiento, la memoria y la atenci\u00f3n para lograr estructurar historias, fomentando la comprensi\u00f3n de la lectura, adem\u00e1s de adquirir destrezas sobre estas.\u00a0<\/em><\/strong><\/p>\n<p><strong><em>En tanto con la localizaci\u00f3n del punto Braille, se busca que los estudiantes se ubiquen en los signos generadores a fin de ir conociendo las letras para introducirlos as\u00ed a la lectura y escritura de este sistema.\u00a0<\/em><\/strong><\/p>\n<p><strong><em>La Escuela Nacional de Ciegos Helen Keller, tiene una matr\u00edcula de 307 estudiantes, de los cuales 106 se encuentran en la sede, mientras que, 201 est\u00e1n en centros educativos inclusivos.\u00a0<\/em><\/strong><\/p>\n<p><strong><em>\u00a0<\/em><\/strong><\/p>\n<p>Fuente: IPHE<\/p>\n","protected":false},"excerpt":{"rendered":"<p>Trabajos de secuencia de im\u00e1genes, as\u00ed como de localizaci\u00f3n del <a href=\"https:\/\/sertv.gob.pa\/crisolfm\/estudiantes-de-la-escuela-de-ciegos-fortalecen-sus-competencias-personales\/\"> [&#8230;]<\/a><\/p>\n","protected":false},"author":9,"featured_media":62714,"comment_status":"closed","ping_status":"closed","sticky":false,"template":"","format":"standard","meta":{"footnotes":""},"categories":[14],"tags":[],"class_list":["post-62713","post","type-post","status-publish","format-standard","has-post-thumbnail","hentry","category-salud"],"_links":{"self":[{"href":"https:\/\/sertv.gob.pa\/crisolfm\/wp-json\/wp\/v2\/posts\/62713","targetHints":{"allow":["GET"]}}],"collection":[{"href":"https:\/\/sertv.gob.pa\/crisolfm\/wp-json\/wp\/v2\/posts"}],"about":[{"href":"https:\/\/sertv.gob.pa\/crisolfm\/wp-json\/wp\/v2\/types\/post"}],"author":[{"embeddable":true,"href":"https:\/\/sertv.gob.pa\/crisolfm\/wp-json\/wp\/v2\/users\/9"}],"replies":[{"embeddable":true,"href":"https:\/\/sertv.gob.pa\/crisolfm\/wp-json\/wp\/v2\/comments?post=62713"}],"version-history":[{"count":1,"href":"https:\/\/sertv.gob.pa\/crisolfm\/wp-json\/wp\/v2\/posts\/62713\/revisions"}],"predecessor-version":[{"id":62715,"href":"https:\/\/sertv.gob.pa\/crisolfm\/wp-json\/wp\/v2\/posts\/62713\/revisions\/62715"}],"wp:featuredmedia":[{"embeddable":true,"href":"https:\/\/sertv.gob.pa\/crisolfm\/wp-json\/wp\/v2\/media\/62714"}],"wp:attachment":[{"href":"https:\/\/sertv.gob.pa\/crisolfm\/wp-json\/wp\/v2\/media?parent=62713"}],"wp:term":[{"taxonomy":"category","embeddable":true,"href":"https:\/\/sertv.gob.pa\/crisolfm\/wp-json\/wp\/v2\/categories?post=62713"},{"taxonomy":"post_tag","embeddable":true,"href":"https:\/\/sertv.gob.pa\/crisolfm\/wp-json\/wp\/v2\/tags?post=62713"}],"curies":[{"name":"wp","href":"https:\/\/api.w.org\/{rel}","templated":true}]}}