{"id":62775,"date":"2024-07-12T17:16:11","date_gmt":"2024-07-12T17:16:11","guid":{"rendered":"https:\/\/sertv.gob.pa\/crisolfm\/?p=62775"},"modified":"2024-07-12T17:16:11","modified_gmt":"2024-07-12T17:16:11","slug":"terapia-de-integracion-sensorial-en-el-iendi","status":"publish","type":"post","link":"https:\/\/sertv.gob.pa\/crisolfm\/terapia-de-integracion-sensorial-en-el-iendi\/","title":{"rendered":"Terapia de integraci\u00f3n sensorial en el IENDI"},"content":{"rendered":"<p><strong><em>\u00a0Panam\u00e1,<\/em><\/strong><\/p>\n<p><strong><em>En el Instituto\u00a0Especializado de Neuro Desarrollo Integral (IENDI), cuenta con\u00a0una amplia\u00a0cartera de servicios para ofrecerle a la comunidad, entre ellas la terapia de integraci\u00f3n sensorial, siendo\u00a0uno de los\u00a0pilares\u00a0que se incluye a los padres para la sana evoluci\u00f3n de nuestros pacientes.<\/em><\/strong><\/p>\n<p><strong><em>\u00a0La terapia sensorial es una forma de tratamiento que se utiliza principalmente para ayudar a las personas, especialmente a los ni\u00f1os que tienen dificultad\u00a0para procesar y responder a la informaci\u00f3n que llega a trav\u00e9s de los sentidos.<\/em><\/strong><\/p>\n<p><strong><em>\u00a0La terapia se basa en la teor\u00eda de la integraci\u00f3n sensorial desarrollada por la terapeuta ocupacional, Jean Ayres. Seg\u00fan esta teor\u00eda, algunos ni\u00f1os tienen dificultad\u00a0para procesar las sensaciones de una manera organizada, lo que puede afectar su capacidad para realizar tareas diarias y participar en actividades normales.<\/em><\/strong><\/p>\n<p><strong><em>\u00a0Los terapeutas ocupacionales son los profesionales que llevan a cabo la terapia sensorial y en cuyas sesiones, se utiliza una variedad de actividades dise\u00f1adas para ayudar al ni\u00f1o a responder de manera m\u00e1s adecuada a las sensaciones y a mejorar sus habilidades motoras y de procesamiento sensorial.<\/em><\/strong><\/p>\n<p>&nbsp;<\/p>\n<p>Fuente: MINSA<\/p>\n","protected":false},"excerpt":{"rendered":"<p>\u00a0Panam\u00e1, En el Instituto\u00a0Especializado de Neuro Desarrollo Integral (IENDI), cuenta <a href=\"https:\/\/sertv.gob.pa\/crisolfm\/terapia-de-integracion-sensorial-en-el-iendi\/\"> [&#8230;]<\/a><\/p>\n","protected":false},"author":9,"featured_media":62776,"comment_status":"closed","ping_status":"closed","sticky":false,"template":"","format":"standard","meta":{"footnotes":""},"categories":[14],"tags":[],"class_list":["post-62775","post","type-post","status-publish","format-standard","has-post-thumbnail","hentry","category-salud"],"_links":{"self":[{"href":"https:\/\/sertv.gob.pa\/crisolfm\/wp-json\/wp\/v2\/posts\/62775","targetHints":{"allow":["GET"]}}],"collection":[{"href":"https:\/\/sertv.gob.pa\/crisolfm\/wp-json\/wp\/v2\/posts"}],"about":[{"href":"https:\/\/sertv.gob.pa\/crisolfm\/wp-json\/wp\/v2\/types\/post"}],"author":[{"embeddable":true,"href":"https:\/\/sertv.gob.pa\/crisolfm\/wp-json\/wp\/v2\/users\/9"}],"replies":[{"embeddable":true,"href":"https:\/\/sertv.gob.pa\/crisolfm\/wp-json\/wp\/v2\/comments?post=62775"}],"version-history":[{"count":1,"href":"https:\/\/sertv.gob.pa\/crisolfm\/wp-json\/wp\/v2\/posts\/62775\/revisions"}],"predecessor-version":[{"id":62777,"href":"https:\/\/sertv.gob.pa\/crisolfm\/wp-json\/wp\/v2\/posts\/62775\/revisions\/62777"}],"wp:featuredmedia":[{"embeddable":true,"href":"https:\/\/sertv.gob.pa\/crisolfm\/wp-json\/wp\/v2\/media\/62776"}],"wp:attachment":[{"href":"https:\/\/sertv.gob.pa\/crisolfm\/wp-json\/wp\/v2\/media?parent=62775"}],"wp:term":[{"taxonomy":"category","embeddable":true,"href":"https:\/\/sertv.gob.pa\/crisolfm\/wp-json\/wp\/v2\/categories?post=62775"},{"taxonomy":"post_tag","embeddable":true,"href":"https:\/\/sertv.gob.pa\/crisolfm\/wp-json\/wp\/v2\/tags?post=62775"}],"curies":[{"name":"wp","href":"https:\/\/api.w.org\/{rel}","templated":true}]}}