{"id":6280,"date":"2016-09-27T14:58:55","date_gmt":"2016-09-27T14:58:55","guid":{"rendered":""},"modified":"2016-09-27T14:58:55","modified_gmt":"2016-09-27T14:58:55","slug":"fondo-sostenible-para-reparar-danos-ambientales-por-conflicto","status":"publish","type":"post","link":"https:\/\/sertv.gob.pa\/crisolfm\/fondo-sostenible-para-reparar-danos-ambientales-por-conflicto\/","title":{"rendered":"Fondo sostenible para reparar da\u00f1os ambientales por conflicto"},"content":{"rendered":"<p>\nEl ministro colombiano de Ambiente y Desarrollo Sostenible, Luis Gilberto Murillo, anunci\u00f3 \u00a0la creaci\u00f3n de un \u00abFondo Sostenible\u00bb para implementar iniciativas que ayuden a reparar el deterioro ambiental que ha dejado el conflicto armado. <\/p>\n<p>\u00abEl conflicto armado ha generado un apreciable deterioro ambiental\u00bb, expres\u00f3 el funcionario en un comunicado. Adem\u00e1s, continu\u00f3 el jefe de cartera, \u00aben el 40 % de los municipios en conflicto se ha detectado la extracci\u00f3n il\u00edcita de minerales, un flagelo que est\u00e1 acabando con r\u00edos, suelos y envenenando a la poblaci\u00f3n que depende de ellos\u00bb. <\/p>\n<p>El Fondo Sostenible hace parte del proyecto Colombia Sostenible que tiene como prop\u00f3sito trabajar con recursos de cooperaci\u00f3n de Noruega temas como desarrollo rural sostenible, conservaci\u00f3n de la biodiversidad y la mitigaci\u00f3n y adaptaci\u00f3n al cambio clim\u00e1tico en el postconflicto. <\/p>\n<p>La creaci\u00f3n del fondo se efectuar\u00e1 con una inversi\u00f3n de 300 millones de d\u00f3lares provenientes de la cooperaci\u00f3n internacional y el apoyo econ\u00f3mico del Banco Interamericano de Desarrollo (BID). <\/p>\n<p>\u00a0 <\/p>\n","protected":false},"excerpt":{"rendered":"<p>El ministro colombiano de Ambiente y Desarrollo Sostenible, Luis Gilberto <a href=\"https:\/\/sertv.gob.pa\/crisolfm\/fondo-sostenible-para-reparar-danos-ambientales-por-conflicto\/\"> [&#8230;]<\/a><\/p>\n","protected":false},"author":1,"featured_media":6281,"comment_status":"closed","ping_status":"closed","sticky":false,"template":"","format":"standard","meta":{"footnotes":""},"categories":[7],"tags":[],"class_list":["post-6280","post","type-post","status-publish","format-standard","has-post-thumbnail","hentry","category-ecologicas"],"_links":{"self":[{"href":"https:\/\/sertv.gob.pa\/crisolfm\/wp-json\/wp\/v2\/posts\/6280","targetHints":{"allow":["GET"]}}],"collection":[{"href":"https:\/\/sertv.gob.pa\/crisolfm\/wp-json\/wp\/v2\/posts"}],"about":[{"href":"https:\/\/sertv.gob.pa\/crisolfm\/wp-json\/wp\/v2\/types\/post"}],"author":[{"embeddable":true,"href":"https:\/\/sertv.gob.pa\/crisolfm\/wp-json\/wp\/v2\/users\/1"}],"replies":[{"embeddable":true,"href":"https:\/\/sertv.gob.pa\/crisolfm\/wp-json\/wp\/v2\/comments?post=6280"}],"version-history":[{"count":0,"href":"https:\/\/sertv.gob.pa\/crisolfm\/wp-json\/wp\/v2\/posts\/6280\/revisions"}],"wp:featuredmedia":[{"embeddable":true,"href":"https:\/\/sertv.gob.pa\/crisolfm\/wp-json\/wp\/v2\/media\/6281"}],"wp:attachment":[{"href":"https:\/\/sertv.gob.pa\/crisolfm\/wp-json\/wp\/v2\/media?parent=6280"}],"wp:term":[{"taxonomy":"category","embeddable":true,"href":"https:\/\/sertv.gob.pa\/crisolfm\/wp-json\/wp\/v2\/categories?post=6280"},{"taxonomy":"post_tag","embeddable":true,"href":"https:\/\/sertv.gob.pa\/crisolfm\/wp-json\/wp\/v2\/tags?post=6280"}],"curies":[{"name":"wp","href":"https:\/\/api.w.org\/{rel}","templated":true}]}}