{"id":62863,"date":"2024-07-24T14:12:23","date_gmt":"2024-07-24T14:12:23","guid":{"rendered":"https:\/\/sertv.gob.pa\/crisolfm\/?p=62863"},"modified":"2024-07-24T14:12:23","modified_gmt":"2024-07-24T14:12:23","slug":"mici-y-la-utp-impulsan-laboratorio-de-emprendimiento-para-fortalecer-exportaciones","status":"publish","type":"post","link":"https:\/\/sertv.gob.pa\/crisolfm\/mici-y-la-utp-impulsan-laboratorio-de-emprendimiento-para-fortalecer-exportaciones\/","title":{"rendered":"MICI y la UTP impulsan laboratorio de emprendimiento para fortalecer exportaciones"},"content":{"rendered":"<p><strong><em>Con miras a establecer los par\u00e1metros para la creaci\u00f3n de un laboratorio de emprendimiento que impulse el concepto de encadenamiento productivo y promueva el desarrollo de productos con potencial de exportaci\u00f3n a trav\u00e9s de emprendedores, el Ministerio de Comercio e Industrias de Panam\u00e1 (MICI) y la Universidad Tecnol\u00f3gica (UTP) llevaron a cabo en fecha reciente, una reuni\u00f3n en el marco del convenio vigente entre ambas instituciones.<\/em><\/strong><\/p>\n<p><strong><em>Durante el encuentro, se acord\u00f3 que el pr\u00f3ximo 19 de agosto, se llevar\u00e1 a cabo la graduaci\u00f3n de la V edici\u00f3n del Diplomado en Gesti\u00f3n de Comercio Exterior en la UTP, que tiene prevista la graduaci\u00f3n de 28 nuevos emprendedores en el \u00e1rea de comercio exterior.<\/em><\/strong><\/p>\n<p><strong><em>Eric Dormoi, director nacional de Exportaciones del MICI, mencion\u00f3 la planificaci\u00f3n de una gira a centros de investigaci\u00f3n junto a diversos sectores productivos con experiencia exportadora o potencial exportador. El prop\u00f3sito de esta gira es que conozcan los servicios que la UTP ofrece al sector privado, con el fin de potenciar el desarrollo empresarial.<\/em><\/strong><\/p>\n<p><strong><em>La reuni\u00f3n cont\u00f3 con la participaci\u00f3n de Delia de Ben\u00edtez, decana de la Facultad de Ingenier\u00eda Industrial de la UTP; Enith de Prado, docente y Coordinadora de Extensi\u00f3n de la UTP; Katherine Fuentes, administrativa de la Facultad de Ingenier\u00eda Industrial de la UTP; Marlene Saldarriaga, emprendedora del sector agroindustrial; Alba de Vallarino, directora General de Promoci\u00f3n de Exportaciones; y Walter Castro, director de Servicio al Comercio Exterior.<\/em><\/strong><\/p>\n<p><strong><em>\u00a0<\/em><\/strong><\/p>\n<p>Fuente: MICI<\/p>\n","protected":false},"excerpt":{"rendered":"<p>Con miras a establecer los par\u00e1metros para la creaci\u00f3n de <a href=\"https:\/\/sertv.gob.pa\/crisolfm\/mici-y-la-utp-impulsan-laboratorio-de-emprendimiento-para-fortalecer-exportaciones\/\"> [&#8230;]<\/a><\/p>\n","protected":false},"author":9,"featured_media":62864,"comment_status":"closed","ping_status":"closed","sticky":false,"template":"","format":"standard","meta":{"footnotes":""},"categories":[12],"tags":[],"class_list":["post-62863","post","type-post","status-publish","format-standard","has-post-thumbnail","hentry","category-nacionales"],"_links":{"self":[{"href":"https:\/\/sertv.gob.pa\/crisolfm\/wp-json\/wp\/v2\/posts\/62863","targetHints":{"allow":["GET"]}}],"collection":[{"href":"https:\/\/sertv.gob.pa\/crisolfm\/wp-json\/wp\/v2\/posts"}],"about":[{"href":"https:\/\/sertv.gob.pa\/crisolfm\/wp-json\/wp\/v2\/types\/post"}],"author":[{"embeddable":true,"href":"https:\/\/sertv.gob.pa\/crisolfm\/wp-json\/wp\/v2\/users\/9"}],"replies":[{"embeddable":true,"href":"https:\/\/sertv.gob.pa\/crisolfm\/wp-json\/wp\/v2\/comments?post=62863"}],"version-history":[{"count":1,"href":"https:\/\/sertv.gob.pa\/crisolfm\/wp-json\/wp\/v2\/posts\/62863\/revisions"}],"predecessor-version":[{"id":62865,"href":"https:\/\/sertv.gob.pa\/crisolfm\/wp-json\/wp\/v2\/posts\/62863\/revisions\/62865"}],"wp:featuredmedia":[{"embeddable":true,"href":"https:\/\/sertv.gob.pa\/crisolfm\/wp-json\/wp\/v2\/media\/62864"}],"wp:attachment":[{"href":"https:\/\/sertv.gob.pa\/crisolfm\/wp-json\/wp\/v2\/media?parent=62863"}],"wp:term":[{"taxonomy":"category","embeddable":true,"href":"https:\/\/sertv.gob.pa\/crisolfm\/wp-json\/wp\/v2\/categories?post=62863"},{"taxonomy":"post_tag","embeddable":true,"href":"https:\/\/sertv.gob.pa\/crisolfm\/wp-json\/wp\/v2\/tags?post=62863"}],"curies":[{"name":"wp","href":"https:\/\/api.w.org\/{rel}","templated":true}]}}