{"id":62878,"date":"2024-07-24T16:07:11","date_gmt":"2024-07-24T16:07:11","guid":{"rendered":"https:\/\/sertv.gob.pa\/crisolfm\/?p=62878"},"modified":"2024-07-24T16:07:11","modified_gmt":"2024-07-24T16:07:11","slug":"tecnicos-de-control-de-vectores-reciben-capacitacion-sobre-uso-y-aplicacion-de-plaguicidas","status":"publish","type":"post","link":"https:\/\/sertv.gob.pa\/crisolfm\/tecnicos-de-control-de-vectores-reciben-capacitacion-sobre-uso-y-aplicacion-de-plaguicidas\/","title":{"rendered":"T\u00e9cnicos de Control de Vectores reciben capacitaci\u00f3n sobre uso y aplicaci\u00f3n de plaguicidas"},"content":{"rendered":"<p><strong><em>\u00a0<\/em><\/strong><strong><em>En un esfuerzo continuo por garantizar la salud ocupacional y la seguridad de sus trabajadores, la Regi\u00f3n de Salud de Herrera, inici\u00f3 un programa de capacitaci\u00f3n especializado para certificar a sus t\u00e9cnicos de Control de Vectores como aplicadores terrestres de plaguicidas.\u00a0<\/em><\/strong><\/p>\n<p><strong><em>Este programa, esencial para el control efectivo de plagas y la prevenci\u00f3n de enfermedades, subraya el compromiso de la instituci\u00f3n con la salud p\u00fablica y la protecci\u00f3n del medio ambiente.<\/em><\/strong><\/p>\n<p><strong><em>La capacitaci\u00f3n, que abarca tanto aspectos te\u00f3ricos como pr\u00e1cticos, se centra en el uso seguro y eficiente de plaguicidas, as\u00ed como en la correcta implementaci\u00f3n de medidas de protecci\u00f3n personal. Los participantes recibieron formaci\u00f3n sobre la identificaci\u00f3n de plaguicidas, m\u00e9todos de aplicaci\u00f3n, y protocolos de seguridad para minimizar la exposici\u00f3n a productos qu\u00edmicos peligrosos.<\/em><\/strong><\/p>\n<p><strong><em>Adem\u00e1s de la capacitaci\u00f3n constante, los t\u00e9cnicos de Vectores, forman parte de un programa de salud ocupacional que incluye la realizaci\u00f3n peri\u00f3dica de ex\u00e1menes de laboratorio, fundamentales para detectar de manera temprana cualquier posible efecto adverso causado por la exposici\u00f3n a plaguicidas.<\/em><\/strong><\/p>\n<p><strong><em><br \/>\n<\/em><\/strong>Fuente: MINSA<\/p>\n","protected":false},"excerpt":{"rendered":"<p>\u00a0En un esfuerzo continuo por garantizar la salud ocupacional y <a href=\"https:\/\/sertv.gob.pa\/crisolfm\/tecnicos-de-control-de-vectores-reciben-capacitacion-sobre-uso-y-aplicacion-de-plaguicidas\/\"> [&#8230;]<\/a><\/p>\n","protected":false},"author":9,"featured_media":62879,"comment_status":"closed","ping_status":"closed","sticky":false,"template":"","format":"standard","meta":{"footnotes":""},"categories":[14],"tags":[],"class_list":["post-62878","post","type-post","status-publish","format-standard","has-post-thumbnail","hentry","category-salud"],"_links":{"self":[{"href":"https:\/\/sertv.gob.pa\/crisolfm\/wp-json\/wp\/v2\/posts\/62878","targetHints":{"allow":["GET"]}}],"collection":[{"href":"https:\/\/sertv.gob.pa\/crisolfm\/wp-json\/wp\/v2\/posts"}],"about":[{"href":"https:\/\/sertv.gob.pa\/crisolfm\/wp-json\/wp\/v2\/types\/post"}],"author":[{"embeddable":true,"href":"https:\/\/sertv.gob.pa\/crisolfm\/wp-json\/wp\/v2\/users\/9"}],"replies":[{"embeddable":true,"href":"https:\/\/sertv.gob.pa\/crisolfm\/wp-json\/wp\/v2\/comments?post=62878"}],"version-history":[{"count":1,"href":"https:\/\/sertv.gob.pa\/crisolfm\/wp-json\/wp\/v2\/posts\/62878\/revisions"}],"predecessor-version":[{"id":62880,"href":"https:\/\/sertv.gob.pa\/crisolfm\/wp-json\/wp\/v2\/posts\/62878\/revisions\/62880"}],"wp:featuredmedia":[{"embeddable":true,"href":"https:\/\/sertv.gob.pa\/crisolfm\/wp-json\/wp\/v2\/media\/62879"}],"wp:attachment":[{"href":"https:\/\/sertv.gob.pa\/crisolfm\/wp-json\/wp\/v2\/media?parent=62878"}],"wp:term":[{"taxonomy":"category","embeddable":true,"href":"https:\/\/sertv.gob.pa\/crisolfm\/wp-json\/wp\/v2\/categories?post=62878"},{"taxonomy":"post_tag","embeddable":true,"href":"https:\/\/sertv.gob.pa\/crisolfm\/wp-json\/wp\/v2\/tags?post=62878"}],"curies":[{"name":"wp","href":"https:\/\/api.w.org\/{rel}","templated":true}]}}