{"id":62881,"date":"2024-07-24T16:27:29","date_gmt":"2024-07-24T16:27:29","guid":{"rendered":"https:\/\/sertv.gob.pa\/crisolfm\/?p=62881"},"modified":"2024-07-24T16:27:29","modified_gmt":"2024-07-24T16:27:29","slug":"personal-de-salud-recibe-capacitacion-sobre-viruela-simica","status":"publish","type":"post","link":"https:\/\/sertv.gob.pa\/crisolfm\/personal-de-salud-recibe-capacitacion-sobre-viruela-simica\/","title":{"rendered":"Personal de salud recibe capacitaci\u00f3n sobre viruela s\u00edmica"},"content":{"rendered":"<p><strong><em>M\u00e9dicos y enfermeras, de la Caja de Seguro Social (CSS), en Panam\u00e1 Oeste, participaron en una docencia v\u00eda\u00a0zoom,\u00a0sobre sobre el \u00abPlan Nacional para la Vigilancia, Prevenci\u00f3n, Control de la viruela s\u00edmica\u00bb.<\/em><\/strong><\/p>\n<p><strong><em>La Dra. Maritza Mendieta, coordinadora provincial de Docencia e Investigaci\u00f3n, se\u00f1al\u00f3 que, el objetivo principal de la capacitaci\u00f3n es conocer el manejo oportuno, inmediato, coordinado y de calidad a los pacientes que puedan solicitar atenci\u00f3n ante esta situaci\u00f3n en las unidades de atenci\u00f3n de la provincia.<\/em><\/strong><\/p>\n<p><strong><em>Dentro de la capacitaci\u00f3n, se trataron temas como: \u00bfQu\u00e9 es la viruela s\u00edmica?, antecedentes hist\u00f3ricos, epidemiolog\u00eda, medidas de bioseguridad a cargo del Dr. H\u00e9ctor Navarro, coordinador local de Epidemiolog\u00eda, de la Policl\u00ednica \u00abDr. Blas G\u00f3mez Chetro\u00bb, ubicada en el distrito de Arraij\u00e1n.<\/em><\/strong><\/p>\n<p><strong><em>En la jornada, particip\u00f3 personal de las distintas unidades ejecutoras como: Hospital Hogar La Esperanza, Pol. \u00abDr. Blas G\u00f3mez Chetro\u00bb, ULAPS Vista Alegre, ULAPS El Tecal, ULAPS Vacamonte, Pol. \u00abDr. Santiago Barraza\u00bb, ULAPS Guadalupe, ULAPS Capira, ULAPS San Jos\u00e9, Pol. \u00abDr. Juan Vega M\u00e9ndez\u00bb, indic\u00f3 la Dra. Mendieta.<\/em><\/strong><\/p>\n<p><strong><em><br \/>\n<\/em><\/strong>Fuente: CSS<\/p>\n","protected":false},"excerpt":{"rendered":"<p>M\u00e9dicos y enfermeras, de la Caja de Seguro Social (CSS), <a href=\"https:\/\/sertv.gob.pa\/crisolfm\/personal-de-salud-recibe-capacitacion-sobre-viruela-simica\/\"> [&#8230;]<\/a><\/p>\n","protected":false},"author":9,"featured_media":62882,"comment_status":"closed","ping_status":"closed","sticky":false,"template":"","format":"standard","meta":{"footnotes":""},"categories":[14],"tags":[],"class_list":["post-62881","post","type-post","status-publish","format-standard","has-post-thumbnail","hentry","category-salud"],"_links":{"self":[{"href":"https:\/\/sertv.gob.pa\/crisolfm\/wp-json\/wp\/v2\/posts\/62881","targetHints":{"allow":["GET"]}}],"collection":[{"href":"https:\/\/sertv.gob.pa\/crisolfm\/wp-json\/wp\/v2\/posts"}],"about":[{"href":"https:\/\/sertv.gob.pa\/crisolfm\/wp-json\/wp\/v2\/types\/post"}],"author":[{"embeddable":true,"href":"https:\/\/sertv.gob.pa\/crisolfm\/wp-json\/wp\/v2\/users\/9"}],"replies":[{"embeddable":true,"href":"https:\/\/sertv.gob.pa\/crisolfm\/wp-json\/wp\/v2\/comments?post=62881"}],"version-history":[{"count":1,"href":"https:\/\/sertv.gob.pa\/crisolfm\/wp-json\/wp\/v2\/posts\/62881\/revisions"}],"predecessor-version":[{"id":62883,"href":"https:\/\/sertv.gob.pa\/crisolfm\/wp-json\/wp\/v2\/posts\/62881\/revisions\/62883"}],"wp:featuredmedia":[{"embeddable":true,"href":"https:\/\/sertv.gob.pa\/crisolfm\/wp-json\/wp\/v2\/media\/62882"}],"wp:attachment":[{"href":"https:\/\/sertv.gob.pa\/crisolfm\/wp-json\/wp\/v2\/media?parent=62881"}],"wp:term":[{"taxonomy":"category","embeddable":true,"href":"https:\/\/sertv.gob.pa\/crisolfm\/wp-json\/wp\/v2\/categories?post=62881"},{"taxonomy":"post_tag","embeddable":true,"href":"https:\/\/sertv.gob.pa\/crisolfm\/wp-json\/wp\/v2\/tags?post=62881"}],"curies":[{"name":"wp","href":"https:\/\/api.w.org\/{rel}","templated":true}]}}