{"id":62894,"date":"2024-07-24T17:58:34","date_gmt":"2024-07-24T17:58:34","guid":{"rendered":"https:\/\/sertv.gob.pa\/crisolfm\/?p=62894"},"modified":"2024-07-24T17:58:34","modified_gmt":"2024-07-24T17:58:34","slug":"cerca-de-170-muertos-en-ocho-dias-de-protestas-estudiantiles-en-banglades","status":"publish","type":"post","link":"https:\/\/sertv.gob.pa\/crisolfm\/cerca-de-170-muertos-en-ocho-dias-de-protestas-estudiantiles-en-banglades\/","title":{"rendered":"Cerca de 170 muertos en ocho d\u00edas de protestas estudiantiles en Banglad\u00e9s"},"content":{"rendered":"<p><strong><em>Daca (EFE).- <\/em><\/strong><em>Al menos 169 personas murieron en los \u00faltimos ocho d\u00edas por la violencia durante las protestas estudiantiles que sumieron a Banglad\u00e9s en el caos, seg\u00fan el \u00faltimo informe elaborado por EFE, mientras la tensi\u00f3n parece disminuir con el restablecimiento parcial de Internet y un alivio del toque de queda.<\/em><\/p>\n<p><em>Aunque no se han reportado nuevos enfrentamientos entre las fuerzas de seguridad y los estudiantes, varias personas han muerto por las heridas que sufrieron durante los choques, que comenzaron la semana pasada en el pa\u00eds.<\/em><\/p>\n<p><em>Tambi\u00e9n se han registrado centenares de heridos y muchos de ellos quedaron total o temporalmente ciegos por heridas provocadas por los disparos de las fuerzas de seguridad para contener las protestas.<\/em><\/p>\n<p><em>La cifra de heridos podr\u00eda superar el millar. Seg\u00fan el diario banglades\u00ed New Age, solo la Facultad de Medicina de Daca ha tratado a 1.551 personas heridas, la mayor\u00eda por disparos.<\/em><\/p>\n","protected":false},"excerpt":{"rendered":"<p>Daca (EFE).- Al menos 169 personas murieron en los \u00faltimos <a href=\"https:\/\/sertv.gob.pa\/crisolfm\/cerca-de-170-muertos-en-ocho-dias-de-protestas-estudiantiles-en-banglades\/\"> [&#8230;]<\/a><\/p>\n","protected":false},"author":9,"featured_media":62895,"comment_status":"closed","ping_status":"closed","sticky":false,"template":"","format":"standard","meta":{"footnotes":""},"categories":[13],"tags":[],"class_list":["post-62894","post","type-post","status-publish","format-standard","has-post-thumbnail","hentry","category-internacionales"],"_links":{"self":[{"href":"https:\/\/sertv.gob.pa\/crisolfm\/wp-json\/wp\/v2\/posts\/62894","targetHints":{"allow":["GET"]}}],"collection":[{"href":"https:\/\/sertv.gob.pa\/crisolfm\/wp-json\/wp\/v2\/posts"}],"about":[{"href":"https:\/\/sertv.gob.pa\/crisolfm\/wp-json\/wp\/v2\/types\/post"}],"author":[{"embeddable":true,"href":"https:\/\/sertv.gob.pa\/crisolfm\/wp-json\/wp\/v2\/users\/9"}],"replies":[{"embeddable":true,"href":"https:\/\/sertv.gob.pa\/crisolfm\/wp-json\/wp\/v2\/comments?post=62894"}],"version-history":[{"count":1,"href":"https:\/\/sertv.gob.pa\/crisolfm\/wp-json\/wp\/v2\/posts\/62894\/revisions"}],"predecessor-version":[{"id":62896,"href":"https:\/\/sertv.gob.pa\/crisolfm\/wp-json\/wp\/v2\/posts\/62894\/revisions\/62896"}],"wp:featuredmedia":[{"embeddable":true,"href":"https:\/\/sertv.gob.pa\/crisolfm\/wp-json\/wp\/v2\/media\/62895"}],"wp:attachment":[{"href":"https:\/\/sertv.gob.pa\/crisolfm\/wp-json\/wp\/v2\/media?parent=62894"}],"wp:term":[{"taxonomy":"category","embeddable":true,"href":"https:\/\/sertv.gob.pa\/crisolfm\/wp-json\/wp\/v2\/categories?post=62894"},{"taxonomy":"post_tag","embeddable":true,"href":"https:\/\/sertv.gob.pa\/crisolfm\/wp-json\/wp\/v2\/tags?post=62894"}],"curies":[{"name":"wp","href":"https:\/\/api.w.org\/{rel}","templated":true}]}}