{"id":63003,"date":"2024-07-26T15:55:04","date_gmt":"2024-07-26T15:55:04","guid":{"rendered":"https:\/\/sertv.gob.pa\/crisolfm\/?p=63003"},"modified":"2024-07-26T15:55:04","modified_gmt":"2024-07-26T15:55:04","slug":"en-las-garzas-autoridades-regionales-no-bajan-la-guardia-y-continuan-las-acciones-contra-el-dengue","status":"publish","type":"post","link":"https:\/\/sertv.gob.pa\/crisolfm\/en-las-garzas-autoridades-regionales-no-bajan-la-guardia-y-continuan-las-acciones-contra-el-dengue\/","title":{"rendered":"En Las Garzas autoridades regionales no bajan la guardia y contin\u00faan las acciones contra el dengue"},"content":{"rendered":"<p><strong><em>Como parte de las acciones interinstitucionales contra el dengue, la regi\u00f3n Metropolitana de Salud y la Autoridad de Aseo Urbano y Domiciliario de Panam\u00e1 (AAUD), la ma\u00f1ana de este jueves, llev\u00f3 a ejecuci\u00f3n un operativo de eliminaci\u00f3n de llantas en desuso en el corregimiento de Las Garzas.<\/em><\/strong><\/p>\n<p><strong><em>Tambi\u00e9n, el equipo de Epidemiolog\u00eda estuvo en la b\u00fasqueda de febriles y casos por dengue, en tanto Control de Vectores, con la eliminaci\u00f3n de focos de criaderos casa por casa, mientras que, Promoci\u00f3n contin\u00faa la docencia y orientaci\u00f3n a los residentes con las medidas preventivas.\u00a0<\/em><\/strong><\/p>\n<p><strong><em>El informe epidemiol\u00f3gico regional reporta un total de<br \/>\n2,399 casos confirmados por dengue, de los cuales el corregimiento de Las Garzas tiene 1,101; le sigue la 24 de Diciembre con 445; Veracruz 137; Las Ma\u00f1anitas 101 y Juan D\u00edaz con 76 casos. Adem\u00e1s, la confirmaci\u00f3n\u00a0de 4 defunciones.\u00a0<\/em><\/strong><\/p>\n<p><strong><em>Las autoridades regionales de Salud reiteran a la poblaci\u00f3n, aplicar las medidas preventivas basadas en la limpieza, recolecci\u00f3n y eliminaci\u00f3n porque sin criaderos, no hay mosquitos y sin mosquitos, no hay dengue.<\/em><\/strong><\/p>\n<p><strong><em>\u00a0<\/em><\/strong><\/p>\n<p>Fuente: MINSA<\/p>\n","protected":false},"excerpt":{"rendered":"<p>Como parte de las acciones interinstitucionales contra el dengue, la <a href=\"https:\/\/sertv.gob.pa\/crisolfm\/en-las-garzas-autoridades-regionales-no-bajan-la-guardia-y-continuan-las-acciones-contra-el-dengue\/\"> [&#8230;]<\/a><\/p>\n","protected":false},"author":9,"featured_media":63004,"comment_status":"closed","ping_status":"closed","sticky":false,"template":"","format":"standard","meta":{"footnotes":""},"categories":[14],"tags":[],"class_list":["post-63003","post","type-post","status-publish","format-standard","has-post-thumbnail","hentry","category-salud"],"_links":{"self":[{"href":"https:\/\/sertv.gob.pa\/crisolfm\/wp-json\/wp\/v2\/posts\/63003","targetHints":{"allow":["GET"]}}],"collection":[{"href":"https:\/\/sertv.gob.pa\/crisolfm\/wp-json\/wp\/v2\/posts"}],"about":[{"href":"https:\/\/sertv.gob.pa\/crisolfm\/wp-json\/wp\/v2\/types\/post"}],"author":[{"embeddable":true,"href":"https:\/\/sertv.gob.pa\/crisolfm\/wp-json\/wp\/v2\/users\/9"}],"replies":[{"embeddable":true,"href":"https:\/\/sertv.gob.pa\/crisolfm\/wp-json\/wp\/v2\/comments?post=63003"}],"version-history":[{"count":1,"href":"https:\/\/sertv.gob.pa\/crisolfm\/wp-json\/wp\/v2\/posts\/63003\/revisions"}],"predecessor-version":[{"id":63005,"href":"https:\/\/sertv.gob.pa\/crisolfm\/wp-json\/wp\/v2\/posts\/63003\/revisions\/63005"}],"wp:featuredmedia":[{"embeddable":true,"href":"https:\/\/sertv.gob.pa\/crisolfm\/wp-json\/wp\/v2\/media\/63004"}],"wp:attachment":[{"href":"https:\/\/sertv.gob.pa\/crisolfm\/wp-json\/wp\/v2\/media?parent=63003"}],"wp:term":[{"taxonomy":"category","embeddable":true,"href":"https:\/\/sertv.gob.pa\/crisolfm\/wp-json\/wp\/v2\/categories?post=63003"},{"taxonomy":"post_tag","embeddable":true,"href":"https:\/\/sertv.gob.pa\/crisolfm\/wp-json\/wp\/v2\/tags?post=63003"}],"curies":[{"name":"wp","href":"https:\/\/api.w.org\/{rel}","templated":true}]}}