{"id":63015,"date":"2024-07-26T18:20:33","date_gmt":"2024-07-26T18:20:33","guid":{"rendered":"https:\/\/sertv.gob.pa\/crisolfm\/?p=63015"},"modified":"2024-07-26T18:20:33","modified_gmt":"2024-07-26T18:20:33","slug":"comunicado-7","status":"publish","type":"post","link":"https:\/\/sertv.gob.pa\/crisolfm\/comunicado-7\/","title":{"rendered":"COMUNICADO"},"content":{"rendered":"<p style=\"text-align: center\"><strong><em>Ministra Mu\u00f1oz advierte que cualquier gesti\u00f3n o tr\u00e1mite a su nombre sin previo consentimiento queda totalmente desautorizada<\/em><\/strong><\/p>\n<p><strong><em>\u00a0<\/em><\/strong><\/p>\n<p><strong><em>Panam\u00e1, viernes 26 de julio de 2024.<\/em><\/strong><em>\u00a0La ministra de Trabajo y Desarrollo Laboral, Jackeline Mu\u00f1oz de Cede\u00f1o, informa que no se ha facultado a ninguna persona responsable para gestionar, impulsar o solicitar a su nombre la tramitaci\u00f3n de asuntos inherentes a la cartera a su cargo, para el sector p\u00fablico o privado.<\/em><\/p>\n<p><em>Destaca adem\u00e1s que cualquier gesti\u00f3n o tr\u00e1mite a su nombre, sin su conocimiento, queda totalmente desautorizado y desconocido en funci\u00f3n de cualquier gesti\u00f3n que interponga persona alguna con la supuesta intervenci\u00f3n de la ministra.<\/em><\/p>\n<p><em>Respetuosamente invita a los servidores p\u00fablicos y particulares que tengan conocimiento de cualquier gesti\u00f3n impulsada por persona, que interponga el nombre de la ministra Mu\u00f1oz, comunicarlo pertinentemente y no proceder con solicitud alguna que no goce con la expresa aprobaci\u00f3n previa.<strong>\u00a0<\/strong><\/em><\/p>\n<p>&nbsp;<\/p>\n","protected":false},"excerpt":{"rendered":"<p>Ministra Mu\u00f1oz advierte que cualquier gesti\u00f3n o tr\u00e1mite a su <a href=\"https:\/\/sertv.gob.pa\/crisolfm\/comunicado-7\/\"> [&#8230;]<\/a><\/p>\n","protected":false},"author":9,"featured_media":63016,"comment_status":"closed","ping_status":"closed","sticky":false,"template":"","format":"standard","meta":{"footnotes":""},"categories":[12],"tags":[],"class_list":["post-63015","post","type-post","status-publish","format-standard","has-post-thumbnail","hentry","category-nacionales"],"_links":{"self":[{"href":"https:\/\/sertv.gob.pa\/crisolfm\/wp-json\/wp\/v2\/posts\/63015","targetHints":{"allow":["GET"]}}],"collection":[{"href":"https:\/\/sertv.gob.pa\/crisolfm\/wp-json\/wp\/v2\/posts"}],"about":[{"href":"https:\/\/sertv.gob.pa\/crisolfm\/wp-json\/wp\/v2\/types\/post"}],"author":[{"embeddable":true,"href":"https:\/\/sertv.gob.pa\/crisolfm\/wp-json\/wp\/v2\/users\/9"}],"replies":[{"embeddable":true,"href":"https:\/\/sertv.gob.pa\/crisolfm\/wp-json\/wp\/v2\/comments?post=63015"}],"version-history":[{"count":1,"href":"https:\/\/sertv.gob.pa\/crisolfm\/wp-json\/wp\/v2\/posts\/63015\/revisions"}],"predecessor-version":[{"id":63017,"href":"https:\/\/sertv.gob.pa\/crisolfm\/wp-json\/wp\/v2\/posts\/63015\/revisions\/63017"}],"wp:featuredmedia":[{"embeddable":true,"href":"https:\/\/sertv.gob.pa\/crisolfm\/wp-json\/wp\/v2\/media\/63016"}],"wp:attachment":[{"href":"https:\/\/sertv.gob.pa\/crisolfm\/wp-json\/wp\/v2\/media?parent=63015"}],"wp:term":[{"taxonomy":"category","embeddable":true,"href":"https:\/\/sertv.gob.pa\/crisolfm\/wp-json\/wp\/v2\/categories?post=63015"},{"taxonomy":"post_tag","embeddable":true,"href":"https:\/\/sertv.gob.pa\/crisolfm\/wp-json\/wp\/v2\/tags?post=63015"}],"curies":[{"name":"wp","href":"https:\/\/api.w.org\/{rel}","templated":true}]}}