{"id":63094,"date":"2024-07-30T17:28:09","date_gmt":"2024-07-30T17:28:09","guid":{"rendered":"https:\/\/sertv.gob.pa\/crisolfm\/?p=63094"},"modified":"2024-07-30T17:28:09","modified_gmt":"2024-07-30T17:28:09","slug":"al-menos-749-detenidos-y-seis-muertos-en-venezuela-tras-las-protestas-contra-el-resultado-de-las-elecciones","status":"publish","type":"post","link":"https:\/\/sertv.gob.pa\/crisolfm\/al-menos-749-detenidos-y-seis-muertos-en-venezuela-tras-las-protestas-contra-el-resultado-de-las-elecciones\/","title":{"rendered":"Al menos 749 detenidos y seis muertos en Venezuela tras las protestas contra el resultado de las elecciones"},"content":{"rendered":"<p><strong><em>Caracas (EFE).-<\/em><\/strong><em> Al menos 749 personas han sido detenidas en Venezuela y unas seis han muerto en las \u00faltimas horas, cuando se suscitaron numerosas protestas en varias regiones del pa\u00eds, de miles de ciudadanos en contra del resultado electoral y luego de que el Consejo Nacional Electoral (CNE) declar\u00f3 a Nicol\u00e1s Maduro, en el poder desde 2013, como presidente reelecto.<\/em><\/p>\n<p><em>El fiscal general, Tarek William Saab, ofreci\u00f3 un balance sobre la actuaci\u00f3n de los cuerpos de seguridad en el marco de estas manifestaciones, que se saldaron tambi\u00e9n con 48 polic\u00edas y militares heridos, as\u00ed como con la muerte de un miembro de la Fuerza Armada \u201cproducto de los disparos ocasionados por estos manifestantes\u201d en el estado Aragua (norte).<\/em><\/p>\n<p><em>Saab no habl\u00f3 sobre las lesiones sufridas por los manifestantes, que fueron\u00a0<a href=\"https:\/\/efe.com\/mundo\/2024-07-30\/elecciones-presidenciales-venezuela-protestas\/\" target=\"_blank\" rel=\"noopener\"><strong>repelidos con gases lacrim\u00f3genos<\/strong><\/a>\u00a0y perdigones usados por la fuerza p\u00fablica, seg\u00fan constat\u00f3 EFE en Caracas.<\/em><\/p>\n<p><em>La organizaci\u00f3n no gubernamental Foro Penal, que lidera la defensa de los considerados presos pol\u00edticos en el pa\u00eds, confirm\u00f3, por su parte, la muerte de unas seis personas durante las protestas de las \u00faltimas horas.<\/em><\/p>\n<p><em>El balance de la ONG, llamado \u201cRepresi\u00f3n por parte del Estado venezolano durante la situaci\u00f3n postelectoral\u201d, contabiliz\u00f3 132 arrestos verificados y seis \u201casesinatos\u201d, estos \u00faltimos registrados en los estados Aragua, T\u00e1chira, Yaracuy y Zulia.<\/em><\/p>\n","protected":false},"excerpt":{"rendered":"<p>Caracas (EFE).- Al menos 749 personas han sido detenidas en <a href=\"https:\/\/sertv.gob.pa\/crisolfm\/al-menos-749-detenidos-y-seis-muertos-en-venezuela-tras-las-protestas-contra-el-resultado-de-las-elecciones\/\"> [&#8230;]<\/a><\/p>\n","protected":false},"author":9,"featured_media":63095,"comment_status":"closed","ping_status":"closed","sticky":false,"template":"","format":"standard","meta":{"footnotes":""},"categories":[13],"tags":[],"class_list":["post-63094","post","type-post","status-publish","format-standard","has-post-thumbnail","hentry","category-internacionales"],"_links":{"self":[{"href":"https:\/\/sertv.gob.pa\/crisolfm\/wp-json\/wp\/v2\/posts\/63094","targetHints":{"allow":["GET"]}}],"collection":[{"href":"https:\/\/sertv.gob.pa\/crisolfm\/wp-json\/wp\/v2\/posts"}],"about":[{"href":"https:\/\/sertv.gob.pa\/crisolfm\/wp-json\/wp\/v2\/types\/post"}],"author":[{"embeddable":true,"href":"https:\/\/sertv.gob.pa\/crisolfm\/wp-json\/wp\/v2\/users\/9"}],"replies":[{"embeddable":true,"href":"https:\/\/sertv.gob.pa\/crisolfm\/wp-json\/wp\/v2\/comments?post=63094"}],"version-history":[{"count":1,"href":"https:\/\/sertv.gob.pa\/crisolfm\/wp-json\/wp\/v2\/posts\/63094\/revisions"}],"predecessor-version":[{"id":63096,"href":"https:\/\/sertv.gob.pa\/crisolfm\/wp-json\/wp\/v2\/posts\/63094\/revisions\/63096"}],"wp:featuredmedia":[{"embeddable":true,"href":"https:\/\/sertv.gob.pa\/crisolfm\/wp-json\/wp\/v2\/media\/63095"}],"wp:attachment":[{"href":"https:\/\/sertv.gob.pa\/crisolfm\/wp-json\/wp\/v2\/media?parent=63094"}],"wp:term":[{"taxonomy":"category","embeddable":true,"href":"https:\/\/sertv.gob.pa\/crisolfm\/wp-json\/wp\/v2\/categories?post=63094"},{"taxonomy":"post_tag","embeddable":true,"href":"https:\/\/sertv.gob.pa\/crisolfm\/wp-json\/wp\/v2\/tags?post=63094"}],"curies":[{"name":"wp","href":"https:\/\/api.w.org\/{rel}","templated":true}]}}