{"id":63097,"date":"2024-07-30T17:44:33","date_gmt":"2024-07-30T17:44:33","guid":{"rendered":"https:\/\/sertv.gob.pa\/crisolfm\/?p=63097"},"modified":"2024-07-30T17:44:33","modified_gmt":"2024-07-30T17:44:33","slug":"policlinica-de-arraijan-amplia-oferta-de-especialidad-con-el-servicio-de-geriatria","status":"publish","type":"post","link":"https:\/\/sertv.gob.pa\/crisolfm\/policlinica-de-arraijan-amplia-oferta-de-especialidad-con-el-servicio-de-geriatria\/","title":{"rendered":"Policl\u00ednica de Arraij\u00e1n amplia oferta de especialidad con el servicio de Geriatr\u00eda"},"content":{"rendered":"<p><strong><em>Geriatr\u00eda es la nueva especialidad que, desde el mes de junio, se oferta en la Policl\u00ednica \u201cDr. Blas Daniel G\u00f3mez Chetro\u201d, en Arraij\u00e1n, para beneficio de los pacientes adultos mayores que acuden a esta unidad ejecutora en busca de atenci\u00f3n m\u00e9dica.<\/em><\/strong><\/p>\n<p><strong><em>Esta atenci\u00f3n especializada e integral de los adultos mayores, se ofrece los d\u00edas jueves y viernes en horario vespertino. Para obtener el cupo, el paciente debe contar con una referencia m\u00e9dica de medicina general, acercarse a la instalaci\u00f3n y solicitar en ventanilla de Registros M\u00e9dicos la cita.<\/em><\/strong><\/p>\n<p><strong><em>En el mes de junio, se realizaron un total de 67 consultas en esta especialidad.<\/em><\/strong><\/p>\n<p><strong><em>Tambi\u00e9n, la policl\u00ednica ofrece otras siete especialidades como: ginecolog\u00eda, medicina familiar, medicina interna, ortopedia, psiquiatr\u00eda, pediatr\u00eda y otorrinolaringolog\u00eda que durante el mismo mes efectuaron 3,208 consultas y 470 procedimientos que correspondieron a 267 ultrasonidos ginecol\u00f3gicos y 203 procedimientos ortop\u00e9dicos seg\u00fan detalla informe estad\u00edstico del Departamento de Planificaci\u00f3n de esta instalaci\u00f3n de salud.<\/em><\/strong><\/p>\n<p><strong><em>\u00a0<\/em><\/strong><\/p>\n<p>Fuente: CSS<\/p>\n","protected":false},"excerpt":{"rendered":"<p>Geriatr\u00eda es la nueva especialidad que, desde el mes de <a href=\"https:\/\/sertv.gob.pa\/crisolfm\/policlinica-de-arraijan-amplia-oferta-de-especialidad-con-el-servicio-de-geriatria\/\"> [&#8230;]<\/a><\/p>\n","protected":false},"author":9,"featured_media":63098,"comment_status":"closed","ping_status":"closed","sticky":false,"template":"","format":"standard","meta":{"footnotes":""},"categories":[14],"tags":[],"class_list":["post-63097","post","type-post","status-publish","format-standard","has-post-thumbnail","hentry","category-salud"],"_links":{"self":[{"href":"https:\/\/sertv.gob.pa\/crisolfm\/wp-json\/wp\/v2\/posts\/63097","targetHints":{"allow":["GET"]}}],"collection":[{"href":"https:\/\/sertv.gob.pa\/crisolfm\/wp-json\/wp\/v2\/posts"}],"about":[{"href":"https:\/\/sertv.gob.pa\/crisolfm\/wp-json\/wp\/v2\/types\/post"}],"author":[{"embeddable":true,"href":"https:\/\/sertv.gob.pa\/crisolfm\/wp-json\/wp\/v2\/users\/9"}],"replies":[{"embeddable":true,"href":"https:\/\/sertv.gob.pa\/crisolfm\/wp-json\/wp\/v2\/comments?post=63097"}],"version-history":[{"count":1,"href":"https:\/\/sertv.gob.pa\/crisolfm\/wp-json\/wp\/v2\/posts\/63097\/revisions"}],"predecessor-version":[{"id":63099,"href":"https:\/\/sertv.gob.pa\/crisolfm\/wp-json\/wp\/v2\/posts\/63097\/revisions\/63099"}],"wp:featuredmedia":[{"embeddable":true,"href":"https:\/\/sertv.gob.pa\/crisolfm\/wp-json\/wp\/v2\/media\/63098"}],"wp:attachment":[{"href":"https:\/\/sertv.gob.pa\/crisolfm\/wp-json\/wp\/v2\/media?parent=63097"}],"wp:term":[{"taxonomy":"category","embeddable":true,"href":"https:\/\/sertv.gob.pa\/crisolfm\/wp-json\/wp\/v2\/categories?post=63097"},{"taxonomy":"post_tag","embeddable":true,"href":"https:\/\/sertv.gob.pa\/crisolfm\/wp-json\/wp\/v2\/tags?post=63097"}],"curies":[{"name":"wp","href":"https:\/\/api.w.org\/{rel}","templated":true}]}}