{"id":6312,"date":"2016-09-29T15:57:40","date_gmt":"2016-09-29T15:57:40","guid":{"rendered":""},"modified":"2016-09-29T15:57:40","modified_gmt":"2016-09-29T15:57:40","slug":"por-segunda-ocasion-panama-sera-sede-de-reunion-regional-de-carbono","status":"publish","type":"post","link":"https:\/\/sertv.gob.pa\/crisolfm\/por-segunda-ocasion-panama-sera-sede-de-reunion-regional-de-carbono\/","title":{"rendered":"Por segunda ocasi\u00f3n, Panam\u00e1 ser\u00e1 sede de reuni\u00f3n regional de carbono"},"content":{"rendered":"<p>\nLuego de siete a\u00f1os y por segunda ocasi\u00f3n, Panam\u00e1 ser\u00e1 sede del Foro Latinoamericano y del Caribe de Carbono, un encuentro regional que re\u00fane a actores clave de los sectores p\u00fablico y privado para discutir los modos de acelerar las contribuciones determinadas a nivel nacional de los pa\u00edses de la regi\u00f3n y vincular a agencias de cooperaci\u00f3n, potenciales inversores y prestadores de servicios. <\/p>\n<p>Rosilena Lindo, directora de Cambio Clim\u00e1tico del Ministerio de Ambiente (MiAmbiente), adelant\u00f3 que este encuentro regional se realiza en Panam\u00e1 por el amplio liderazgo que ha mostrado el pa\u00eds en la gesti\u00f3n clim\u00e1tica nacional y liderazgo en las negociaciones de cambio clim\u00e1tico. <\/p>\n<p>Se espera la participaci\u00f3n de 49 pa\u00edses y 815 representantes de esas naciones, expres\u00f3 Lindo, quien destac\u00f3 que esta reuni\u00f3n se produce tras el hist\u00f3rico Acuerdo de Par\u00eds, que recoge los compromisos de los gobiernos para avanzar, juntos, frente al cambio clim\u00e1tico. <\/p>\n<p>A\u00f1adi\u00f3 que se produce tan solo unas semanas antes de la gran conferencia de la Organizaci\u00f3n de las Naciones Unidas (ONU) sobre el cambio clim\u00e1tico, que tendr\u00e1 lugar en noviembre en Marrakech, Marruecos. <\/p>\n<p>Es la segunda vez que se realiza el foro en Panam\u00e1, el primero fue en 2009. No obstante, es el primero que se efect\u00faa despu\u00e9s de lograrse un acuerdo global para afrontar el cambio clim\u00e1tico, el Acuerdo de Par\u00eds, destac\u00f3 Lindo. <\/p>\n<p>El encuentro regional se llevar\u00e1 a cabo del 28 al 30 de septiembre en esta capital. <\/p>\n<p>El programa del Foro de Carbono consiste en sesiones plenarias, y discusiones paralelas relativas a diversas tem\u00e1ticas. <\/p>\n<p>Adem\u00e1s, contar\u00e1 con un espacio de exhibici\u00f3n, ideal para identificar oportunidades de negocios y conectar con organizaciones internacionales, agencias de cooperaci\u00f3n, inversores potenciales y proveedores de servicios. <\/p>\n<p>\u00a0 <\/p>\n","protected":false},"excerpt":{"rendered":"<p>Luego de siete a\u00f1os y por segunda ocasi\u00f3n, Panam\u00e1 ser\u00e1 <a href=\"https:\/\/sertv.gob.pa\/crisolfm\/por-segunda-ocasion-panama-sera-sede-de-reunion-regional-de-carbono\/\"> [&#8230;]<\/a><\/p>\n","protected":false},"author":1,"featured_media":6313,"comment_status":"closed","ping_status":"closed","sticky":false,"template":"","format":"standard","meta":{"footnotes":""},"categories":[7],"tags":[],"class_list":["post-6312","post","type-post","status-publish","format-standard","has-post-thumbnail","hentry","category-ecologicas"],"_links":{"self":[{"href":"https:\/\/sertv.gob.pa\/crisolfm\/wp-json\/wp\/v2\/posts\/6312","targetHints":{"allow":["GET"]}}],"collection":[{"href":"https:\/\/sertv.gob.pa\/crisolfm\/wp-json\/wp\/v2\/posts"}],"about":[{"href":"https:\/\/sertv.gob.pa\/crisolfm\/wp-json\/wp\/v2\/types\/post"}],"author":[{"embeddable":true,"href":"https:\/\/sertv.gob.pa\/crisolfm\/wp-json\/wp\/v2\/users\/1"}],"replies":[{"embeddable":true,"href":"https:\/\/sertv.gob.pa\/crisolfm\/wp-json\/wp\/v2\/comments?post=6312"}],"version-history":[{"count":0,"href":"https:\/\/sertv.gob.pa\/crisolfm\/wp-json\/wp\/v2\/posts\/6312\/revisions"}],"wp:featuredmedia":[{"embeddable":true,"href":"https:\/\/sertv.gob.pa\/crisolfm\/wp-json\/wp\/v2\/media\/6313"}],"wp:attachment":[{"href":"https:\/\/sertv.gob.pa\/crisolfm\/wp-json\/wp\/v2\/media?parent=6312"}],"wp:term":[{"taxonomy":"category","embeddable":true,"href":"https:\/\/sertv.gob.pa\/crisolfm\/wp-json\/wp\/v2\/categories?post=6312"},{"taxonomy":"post_tag","embeddable":true,"href":"https:\/\/sertv.gob.pa\/crisolfm\/wp-json\/wp\/v2\/tags?post=6312"}],"curies":[{"name":"wp","href":"https:\/\/api.w.org\/{rel}","templated":true}]}}