{"id":63136,"date":"2024-07-31T15:47:20","date_gmt":"2024-07-31T15:47:20","guid":{"rendered":"https:\/\/sertv.gob.pa\/crisolfm\/?p=63136"},"modified":"2024-07-31T15:47:20","modified_gmt":"2024-07-31T15:47:20","slug":"maloclusion-cuando-la-mala-mordida-merma-la-salud-de-sus-hijos","status":"publish","type":"post","link":"https:\/\/sertv.gob.pa\/crisolfm\/maloclusion-cuando-la-mala-mordida-merma-la-salud-de-sus-hijos\/","title":{"rendered":"Maloclusi\u00f3n: cuando la mala mordida merma la salud de sus hijos"},"content":{"rendered":"<p><strong><em>\u00a0<\/em><\/strong><strong><em>\u00a0<\/em><\/strong><strong><em>Da\u00f1os dentales y orales, problemas de funcionabilidad y est\u00e9ticos, son solo algunos de los malestares que puede provocar la maloclusi\u00f3n en los ni\u00f1os.<\/em><\/strong><\/p>\n<p><strong><em>La prevenci\u00f3n desde edades tempranas puede ayudar en muchos de los casos a evitar desarrollar este mal, que puede afectar la salud del infante de diversas maneras, ya que aparecen como en efecto de cascada otras complicaciones.<\/em><\/strong><\/p>\n<p><strong><em>La autoestima del infante tambi\u00e9n se ve afectada, aportando consigo heridas emocionales por tener dificultades en el habla o por no atreverse a sonre\u00edr debido a la mala alineaci\u00f3n de los dientes. \u00bfHa visto alguna vez a un ni\u00f1o tap\u00e1ndose t\u00edmidamente la boca cada vez que se r\u00ede? En algunas ocasiones es porque vive con este problema.<\/em><\/strong><\/p>\n<p><strong><em>La Dra. Sandra Rodr\u00edguez de Cerrud, jefa del Departamento Nacional de Odontolog\u00eda de la Caja de Seguro Social (CSS), explica que la maloclusi\u00f3n es una desalineaci\u00f3n o incorrecta relaci\u00f3n entre los dientes superiores y los inferiores cuando se cierra la mordida.<\/em><\/strong><\/p>\n<p><strong><em>Entre las causas m\u00e1s comunes se encuentran:<br \/>\n\u2022 Factores hereditarios, cong\u00e9nitos o patol\u00f3gicos<br \/>\n\u2022 Problemas de crecimiento y desarrollo facial<br \/>\n\u2022 Traumatismos o lesiones<br \/>\n\u2022 Problemas en el desarrollo de los dientes, como la presencia de dientes de m\u00e1s o ausencia de piezas; erupci\u00f3n tard\u00eda, anomal\u00edas de tama\u00f1o o de forma.<br \/>\n\u2022 Deficiencias nutricionales<br \/>\n\u2022 Trastornos respiratorios como la respiraci\u00f3n por la boca<br \/>\n\u2022 Malos h\u00e1bitos como morderse las u\u00f1as o masticar objetos; chuparse el dedo, el uso prolongado del chupete y de la mamadera o biber\u00f3n.<\/em><\/strong><\/p>\n<p><strong><em>Algunas de las consecuencias de la maloclusi\u00f3n son:<br \/>\n\u2022 Falta de desarrollo y problemas est\u00e9ticos como la anomal\u00eda facial.<br \/>\n\u2022 Problemas de la articulaci\u00f3n temporomandibular. La articulaci\u00f3n temporomandibular funciona como una bisagra que conecta la mand\u00edbula con la parte lateral de la cabeza, cuando hay afecciones en ella, puede causar chasquidos (sonidos) o una sensaci\u00f3n chirriante al abrir la boca o al masticar.<br \/>\n\u2022 Dolores de cabeza, cuello o espalda<br \/>\n\u2022 Dificultades nutricionales por alteraci\u00f3n en la funci\u00f3n masticatoria<\/em><\/strong><\/p>\n<p><strong><em>Por esto, destac\u00f3 la doctora Rodr\u00edguez de Cerrud la importancia de las visitas regulares al odont\u00f3logo.<\/em><\/strong><\/p>\n<p><strong><em>Puntualiz\u00f3 que es, precisamente, el odont\u00f3logo el profesional id\u00f3neo que dictamina el plan de tratamiento a seguir en cada caso particular.<\/em><\/strong><\/p>\n<p><strong><em>Como herramienta para la buena salud, inform\u00f3 que la CSS cuenta con el Programa de Beb\u00e9 Cl\u00ednica en todas las unidades ejecutoras a nivel nacional, donde son atendidos los beb\u00e9s desde su nacimiento hasta los 5 a\u00f1os y 11 meses, el cual previene y orienta a los padres o cuidadores de situaciones o consecuencias, que puedan tener, por ejemplo, el uso prolongado de biberones y chupetes.<\/em><\/strong><\/p>\n<p><strong><em>Con respecto al h\u00e1bito de chuparse el dedo, subray\u00f3 que es una costumbre que los padres deben procurar que sus hijos abandonen antes de que cumplan los dos a\u00f1os, como pr\u00e1ctica de prevenci\u00f3n.<\/em><\/strong><\/p>\n<p><strong><em>Otras estrategias son:<br \/>\n\u2022 Cepillar los dientes con la t\u00e9cnica adecuada y usar hilo dental.<br \/>\n\u2022 Nunca dormir con los dientes sucios o con la mamadera, sin limpiar los restos despu\u00e9s de la \u00faltima toma.<br \/>\n\u2022 Evitar morderse las u\u00f1as.<br \/>\n\u2022 Ir al m\u00e9dico si presenta problemas de respiraci\u00f3n nasal y\/o alergias.<br \/>\n\u2022 Identificar y tratar los problemas de desarrollo tempranamente, as\u00ed como los problemas producto de traumatismos dentales o faciales.<\/em><\/strong><\/p>\n<p><strong><em>\u00a0<\/em><\/strong><\/p>\n<p>Fuente: CSS<\/p>\n","protected":false},"excerpt":{"rendered":"<p>\u00a0\u00a0Da\u00f1os dentales y orales, problemas de funcionabilidad y est\u00e9ticos, son <a href=\"https:\/\/sertv.gob.pa\/crisolfm\/maloclusion-cuando-la-mala-mordida-merma-la-salud-de-sus-hijos\/\"> [&#8230;]<\/a><\/p>\n","protected":false},"author":9,"featured_media":63137,"comment_status":"closed","ping_status":"closed","sticky":false,"template":"","format":"standard","meta":{"footnotes":""},"categories":[14],"tags":[],"class_list":["post-63136","post","type-post","status-publish","format-standard","has-post-thumbnail","hentry","category-salud"],"_links":{"self":[{"href":"https:\/\/sertv.gob.pa\/crisolfm\/wp-json\/wp\/v2\/posts\/63136","targetHints":{"allow":["GET"]}}],"collection":[{"href":"https:\/\/sertv.gob.pa\/crisolfm\/wp-json\/wp\/v2\/posts"}],"about":[{"href":"https:\/\/sertv.gob.pa\/crisolfm\/wp-json\/wp\/v2\/types\/post"}],"author":[{"embeddable":true,"href":"https:\/\/sertv.gob.pa\/crisolfm\/wp-json\/wp\/v2\/users\/9"}],"replies":[{"embeddable":true,"href":"https:\/\/sertv.gob.pa\/crisolfm\/wp-json\/wp\/v2\/comments?post=63136"}],"version-history":[{"count":1,"href":"https:\/\/sertv.gob.pa\/crisolfm\/wp-json\/wp\/v2\/posts\/63136\/revisions"}],"predecessor-version":[{"id":63138,"href":"https:\/\/sertv.gob.pa\/crisolfm\/wp-json\/wp\/v2\/posts\/63136\/revisions\/63138"}],"wp:featuredmedia":[{"embeddable":true,"href":"https:\/\/sertv.gob.pa\/crisolfm\/wp-json\/wp\/v2\/media\/63137"}],"wp:attachment":[{"href":"https:\/\/sertv.gob.pa\/crisolfm\/wp-json\/wp\/v2\/media?parent=63136"}],"wp:term":[{"taxonomy":"category","embeddable":true,"href":"https:\/\/sertv.gob.pa\/crisolfm\/wp-json\/wp\/v2\/categories?post=63136"},{"taxonomy":"post_tag","embeddable":true,"href":"https:\/\/sertv.gob.pa\/crisolfm\/wp-json\/wp\/v2\/tags?post=63136"}],"curies":[{"name":"wp","href":"https:\/\/api.w.org\/{rel}","templated":true}]}}