{"id":63142,"date":"2024-07-31T16:44:29","date_gmt":"2024-07-31T16:44:29","guid":{"rendered":"https:\/\/sertv.gob.pa\/crisolfm\/?p=63142"},"modified":"2024-07-31T16:44:29","modified_gmt":"2024-07-31T16:44:29","slug":"iran-confirma-la-muerte-del-lider-de-hamas-en-un-ataque-en-teheran-y-el-grupo-islamista-promete-una-respuesta","status":"publish","type":"post","link":"https:\/\/sertv.gob.pa\/crisolfm\/iran-confirma-la-muerte-del-lider-de-hamas-en-un-ataque-en-teheran-y-el-grupo-islamista-promete-una-respuesta\/","title":{"rendered":"Ir\u00e1n confirma la muerte del l\u00edder de Ham\u00e1s en un ataque en Teher\u00e1n y el grupo islamista promete una respuesta"},"content":{"rendered":"<p><strong><em>\u00a0<\/em><\/strong><strong><em>Teher\u00e1n (EFE).-<\/em><\/strong> <em>El l\u00edder de Ham\u00e1s, Ismail Haniyeh, muri\u00f3 en un ataque en Teher\u00e1n mientras se encontraba de visita oficial, seg\u00fan un comunicado de la Guardia Revolucionaria de Ir\u00e1n.<\/em><\/p>\n<p><em>La nota, recogida por los medios iran\u00edes, se\u00f1ala que se est\u00e1 investigado el ataque, en el que tambi\u00e9n muri\u00f3 uno de los guardias de seguridad de Haniyeh.<\/em><\/p>\n<p><em>Horas antes, el grupo islamista confirm\u00f3 la muerte de Haniyeh en en la capital iran\u00ed, en un ataque atribuido a Israel.<\/em><\/p>\n<p><em>\u201cEl hermano l\u00edder, m\u00e1rtir combatiente Ismail Haniyeh, l\u00edder del movimiento, falleci\u00f3 como resultado de una redada traicionera sionista en su residencia en Teher\u00e1n, despu\u00e9s de participar en la ceremonia de investidura del nuevo presidente iran\u00ed\u201d, confirm\u00f3 el grupo en un comunicado.<\/em><\/p>\n<p><em>Hasta el momento las autoridades israel\u00edes no han confirmado ning\u00fan ataque en Teher\u00e1n, ni la muerte de Haniyeh, quien acudi\u00f3 ayer en la capital iran\u00ed a la investidura del nuevo presidente del pa\u00eds, Masoud Pezeshkian.<\/em><\/p>\n<p><em>\u201cNo consideren muertos a los que han sido asesinados en el camino de Al\u00e1, sino que est\u00e1n vivos junto a su Se\u00f1or, recibiendo sustento\u201d, indic\u00f3 el grupo sobre la muerte de Haniyeh, \u201cn\u00famero uno\u201d del bur\u00f3 pol\u00edtico de Ham\u00e1s, que viv\u00eda autoexiliado en Catar.<\/em><\/p>\n<p><em>\u00a0<\/em><\/p>\n<p><strong><em>Lo que se sabe hasta el momento del asesinato de Haniyeh<\/em><\/strong><\/p>\n<p><em>Ismail Haniyeh se encontraba el martes de visita oficial en Teher\u00e1n para asistir a la toma de posesi\u00f3n del nuevo presidente del pa\u00eds, Masoud Pezeshkian.<\/em><\/p>\n<p><em>El asesinato se produjo alrededor de las 02:00 de la madrugada hora local (22.30 GMT del martes), seg\u00fan las agencias oficiales iran\u00edes, despu\u00e9s de que un proyectil impactara en su lugar de residencia en la capital persa.<\/em><\/p>\n<p><em>En el ataque resultaron muertos el l\u00edder de Ham\u00e1s y uno de sus guardaespaldas.<\/em><\/p>\n<p><em>El grupo islamista, que controla de facto la Franja de Gaza, confirmaba en un comunicado la muerte de su dirigente islamista y la Guardia Revolucionaria de Ir\u00e1n anunciaba una investigaci\u00f3n del ataque.<\/em><\/p>\n<p><em>Ham\u00e1s culpa a Israel del asesinato del jefe de su bur\u00f3 pol\u00edtico y ha prometido que su muerte \u201cno quedar\u00e1 impune\u201d.<\/em><\/p>\n<p><em>Abdul Salam, hijo de Haniyeh, aseguraba tras conocer la noticia, que la resistencia del movimiento islamista no termina con el asesinato de sus l\u00edderes.<\/p>\n<p>\u201cEstamos en una revoluci\u00f3n y una batalla continua contra el enemigo, y la resistencia no termina con el asesinato de los l\u00edderes\u201d, se\u00f1al\u00f3 Salam en declaraciones que recoge la agencia oficial persa Mehr.<\/em><\/p>\n<p><em>Por su parte, el presidente de la Autoridad Nacional Palestina, Mahmud Ab\u00e1s, que gobierna en partes reducidas de Cisjordania, ha condenado el ataque y ha hecho un llamamiento a las fuerzas palestinas cisjordanas y de Gaza a la unidad.<\/em><\/p>\n","protected":false},"excerpt":{"rendered":"<p>\u00a0Teher\u00e1n (EFE).- El l\u00edder de Ham\u00e1s, Ismail Haniyeh, muri\u00f3 en <a href=\"https:\/\/sertv.gob.pa\/crisolfm\/iran-confirma-la-muerte-del-lider-de-hamas-en-un-ataque-en-teheran-y-el-grupo-islamista-promete-una-respuesta\/\"> [&#8230;]<\/a><\/p>\n","protected":false},"author":9,"featured_media":63143,"comment_status":"closed","ping_status":"closed","sticky":false,"template":"","format":"standard","meta":{"footnotes":""},"categories":[13],"tags":[],"class_list":["post-63142","post","type-post","status-publish","format-standard","has-post-thumbnail","hentry","category-internacionales"],"_links":{"self":[{"href":"https:\/\/sertv.gob.pa\/crisolfm\/wp-json\/wp\/v2\/posts\/63142","targetHints":{"allow":["GET"]}}],"collection":[{"href":"https:\/\/sertv.gob.pa\/crisolfm\/wp-json\/wp\/v2\/posts"}],"about":[{"href":"https:\/\/sertv.gob.pa\/crisolfm\/wp-json\/wp\/v2\/types\/post"}],"author":[{"embeddable":true,"href":"https:\/\/sertv.gob.pa\/crisolfm\/wp-json\/wp\/v2\/users\/9"}],"replies":[{"embeddable":true,"href":"https:\/\/sertv.gob.pa\/crisolfm\/wp-json\/wp\/v2\/comments?post=63142"}],"version-history":[{"count":1,"href":"https:\/\/sertv.gob.pa\/crisolfm\/wp-json\/wp\/v2\/posts\/63142\/revisions"}],"predecessor-version":[{"id":63144,"href":"https:\/\/sertv.gob.pa\/crisolfm\/wp-json\/wp\/v2\/posts\/63142\/revisions\/63144"}],"wp:featuredmedia":[{"embeddable":true,"href":"https:\/\/sertv.gob.pa\/crisolfm\/wp-json\/wp\/v2\/media\/63143"}],"wp:attachment":[{"href":"https:\/\/sertv.gob.pa\/crisolfm\/wp-json\/wp\/v2\/media?parent=63142"}],"wp:term":[{"taxonomy":"category","embeddable":true,"href":"https:\/\/sertv.gob.pa\/crisolfm\/wp-json\/wp\/v2\/categories?post=63142"},{"taxonomy":"post_tag","embeddable":true,"href":"https:\/\/sertv.gob.pa\/crisolfm\/wp-json\/wp\/v2\/tags?post=63142"}],"curies":[{"name":"wp","href":"https:\/\/api.w.org\/{rel}","templated":true}]}}