{"id":63158,"date":"2024-07-31T18:55:31","date_gmt":"2024-07-31T18:55:31","guid":{"rendered":"https:\/\/sertv.gob.pa\/crisolfm\/?p=63158"},"modified":"2024-07-31T18:55:31","modified_gmt":"2024-07-31T18:55:31","slug":"viceministro-arango-se-reune-con-ejecutivos-del-sector-lacteo-en-panama","status":"publish","type":"post","link":"https:\/\/sertv.gob.pa\/crisolfm\/viceministro-arango-se-reune-con-ejecutivos-del-sector-lacteo-en-panama\/","title":{"rendered":"Viceministro Arango se re\u00fane con ejecutivos del sector l\u00e1cteo en Panam\u00e1"},"content":{"rendered":"<p><strong><em>El viceministro de Industrias y Comercio de Panam\u00e1, Eduardo Arango, sostuvo en fecha reciente una reuni\u00f3n con ejecutivos de la empresa Nevada-Dos Pinos, a fin de discutir el estado actual y las perspectivas inmediatas de la industria l\u00e1ctea en Panam\u00e1.\u00a0<\/em><\/strong><\/p>\n<p><strong><em>Este encuentro, subraya el continuo compromiso del gobierno con el sector empresarial y nuestra disposici\u00f3n para apoyar el crecimiento y la modernizaci\u00f3n de la industria nacional; adem\u00e1s de crear un entorno favorable que impulse el crecimiento econ\u00f3mico y la generaci\u00f3n de m\u00e1s plazas de trabajo, afirm\u00f3 Arango.\u00a0<\/em><\/strong><\/p>\n<p><strong><em>Neftal\u00ed Geneteau, gerente de Relaciones Institucionales de Productos Nevada, resalt\u00f3 la importancia de este tipo de reuniones. \u201cEl objetivo de nuestro acercamiento es compartir la realidad del sector y estar disponibles para colaborar con las nuevas autoridades del MICI\u201d, afirm\u00f3.\u00a0<\/em><\/strong><\/p>\n<p><strong><em>Productos Nevada, es un actor clave en la compra de leche grado A en Panam\u00e1, y contin\u00faa desempe\u00f1ando un papel importante en el sector l\u00e1cteo del pa\u00eds.\u00a0<\/em><\/strong><\/p>\n<p><strong><em>El viceministro, estuvo acompa\u00f1ado por Marco Carrizo, director nacional de Comercio, y Michael Troescht, director general de Normas y Tecnolog\u00eda Industrial. Por parte de Nevada-Dos Pinos, participaron Andr\u00e9s Sol\u00eds, Gerente Senior de Negocios Internacionales de Dos Pinos; Francisco Arias, Gerente Senior de Relaciones Institucionales de Dos Pinos; y Eckart Schosinsky, Gerente de Pa\u00eds de Productos Nevada.<\/em><\/strong><\/p>\n<p>&nbsp;<\/p>\n<p>Fuente: MICI<\/p>\n","protected":false},"excerpt":{"rendered":"<p>El viceministro de Industrias y Comercio de Panam\u00e1, Eduardo Arango, <a href=\"https:\/\/sertv.gob.pa\/crisolfm\/viceministro-arango-se-reune-con-ejecutivos-del-sector-lacteo-en-panama\/\"> [&#8230;]<\/a><\/p>\n","protected":false},"author":9,"featured_media":63159,"comment_status":"closed","ping_status":"closed","sticky":false,"template":"","format":"standard","meta":{"footnotes":""},"categories":[12],"tags":[],"class_list":["post-63158","post","type-post","status-publish","format-standard","has-post-thumbnail","hentry","category-nacionales"],"_links":{"self":[{"href":"https:\/\/sertv.gob.pa\/crisolfm\/wp-json\/wp\/v2\/posts\/63158","targetHints":{"allow":["GET"]}}],"collection":[{"href":"https:\/\/sertv.gob.pa\/crisolfm\/wp-json\/wp\/v2\/posts"}],"about":[{"href":"https:\/\/sertv.gob.pa\/crisolfm\/wp-json\/wp\/v2\/types\/post"}],"author":[{"embeddable":true,"href":"https:\/\/sertv.gob.pa\/crisolfm\/wp-json\/wp\/v2\/users\/9"}],"replies":[{"embeddable":true,"href":"https:\/\/sertv.gob.pa\/crisolfm\/wp-json\/wp\/v2\/comments?post=63158"}],"version-history":[{"count":1,"href":"https:\/\/sertv.gob.pa\/crisolfm\/wp-json\/wp\/v2\/posts\/63158\/revisions"}],"predecessor-version":[{"id":63160,"href":"https:\/\/sertv.gob.pa\/crisolfm\/wp-json\/wp\/v2\/posts\/63158\/revisions\/63160"}],"wp:featuredmedia":[{"embeddable":true,"href":"https:\/\/sertv.gob.pa\/crisolfm\/wp-json\/wp\/v2\/media\/63159"}],"wp:attachment":[{"href":"https:\/\/sertv.gob.pa\/crisolfm\/wp-json\/wp\/v2\/media?parent=63158"}],"wp:term":[{"taxonomy":"category","embeddable":true,"href":"https:\/\/sertv.gob.pa\/crisolfm\/wp-json\/wp\/v2\/categories?post=63158"},{"taxonomy":"post_tag","embeddable":true,"href":"https:\/\/sertv.gob.pa\/crisolfm\/wp-json\/wp\/v2\/tags?post=63158"}],"curies":[{"name":"wp","href":"https:\/\/api.w.org\/{rel}","templated":true}]}}