{"id":6316,"date":"2016-09-30T14:33:17","date_gmt":"2016-09-30T14:33:17","guid":{"rendered":""},"modified":"2016-09-30T14:33:17","modified_gmt":"2016-09-30T14:33:17","slug":"huracan-matthew-se-fortalece-y-avanza-hacia-curazao","status":"publish","type":"post","link":"https:\/\/sertv.gob.pa\/crisolfm\/huracan-matthew-se-fortalece-y-avanza-hacia-curazao\/","title":{"rendered":"Hurac\u00e1n \u2018Matthew\u2019 se fortalece y avanza hacia Curazao"},"content":{"rendered":"<p>\n Matthew&rdquo;  se fortaleci\u00f3 este viernes 30 de septiembre a  hurac\u00e1n de categor\u00eda 2  en su avance  por el Caribe hacia la isla de Curazao , dio a conocer el Centro Nacional de Huracanes (NHC, por sus siglas en ingl\u00e9s) de Estados Unidos, con sede en Miami. <\/p>\n<p>Con vientos de 155 kil\u00f3metros por hora y rachas m\u00e1s fuertes, el NHC espera que &ldquo;Matthew&rdquo; siga fortaleci\u00e9ndose en las pr\u00f3ximas 48 horas. <\/p>\n<p>El NHC emiti\u00f3 advertencias de tormenta tropical para Aruba y Curazao, donde se esperan entre 50 y 100 mil\u00edmetros de lluvias para el s\u00e1bado. <\/p>\n<p>La zona de la frontera entre Colombia y Venezuela al oeste de Rioacha igualmente estaba bajo advertencia de tormenta tropical, con condiciones inclementes dentro de las pr\u00f3ximas 24 a 36 horas. <\/p>\n<p>A las 06:00 GMT,  &ldquo;Matthew&rdquo; \u00a0se ubicaba 200 kil\u00f3metros al norte de Curazao y se desplazaba hacia el oeste a 22 kil\u00f3metros por hora. <\/p>\n<p>El fen\u00f3meno podr\u00eda generar fuerte oleaje y condiciones amenazantes en Puerto Rico, La Espa\u00f1ola (Hait\u00ed y Rep\u00fablica Dominicana), Aruba, Bonaire, Curazao, Venezuela y Colombia en los pr\u00f3ximos d\u00edas, agreg\u00f3 NHC. <\/p>\n<p>\u00a0 <\/p>\n","protected":false},"excerpt":{"rendered":"<p>Matthew&rdquo; se fortaleci\u00f3 este viernes 30 de septiembre a hurac\u00e1n <a href=\"https:\/\/sertv.gob.pa\/crisolfm\/huracan-matthew-se-fortalece-y-avanza-hacia-curazao\/\"> [&#8230;]<\/a><\/p>\n","protected":false},"author":1,"featured_media":6317,"comment_status":"closed","ping_status":"closed","sticky":false,"template":"","format":"standard","meta":{"footnotes":""},"categories":[7],"tags":[],"class_list":["post-6316","post","type-post","status-publish","format-standard","has-post-thumbnail","hentry","category-ecologicas"],"_links":{"self":[{"href":"https:\/\/sertv.gob.pa\/crisolfm\/wp-json\/wp\/v2\/posts\/6316","targetHints":{"allow":["GET"]}}],"collection":[{"href":"https:\/\/sertv.gob.pa\/crisolfm\/wp-json\/wp\/v2\/posts"}],"about":[{"href":"https:\/\/sertv.gob.pa\/crisolfm\/wp-json\/wp\/v2\/types\/post"}],"author":[{"embeddable":true,"href":"https:\/\/sertv.gob.pa\/crisolfm\/wp-json\/wp\/v2\/users\/1"}],"replies":[{"embeddable":true,"href":"https:\/\/sertv.gob.pa\/crisolfm\/wp-json\/wp\/v2\/comments?post=6316"}],"version-history":[{"count":0,"href":"https:\/\/sertv.gob.pa\/crisolfm\/wp-json\/wp\/v2\/posts\/6316\/revisions"}],"wp:featuredmedia":[{"embeddable":true,"href":"https:\/\/sertv.gob.pa\/crisolfm\/wp-json\/wp\/v2\/media\/6317"}],"wp:attachment":[{"href":"https:\/\/sertv.gob.pa\/crisolfm\/wp-json\/wp\/v2\/media?parent=6316"}],"wp:term":[{"taxonomy":"category","embeddable":true,"href":"https:\/\/sertv.gob.pa\/crisolfm\/wp-json\/wp\/v2\/categories?post=6316"},{"taxonomy":"post_tag","embeddable":true,"href":"https:\/\/sertv.gob.pa\/crisolfm\/wp-json\/wp\/v2\/tags?post=6316"}],"curies":[{"name":"wp","href":"https:\/\/api.w.org\/{rel}","templated":true}]}}