{"id":63161,"date":"2024-08-01T13:13:30","date_gmt":"2024-08-01T13:13:30","guid":{"rendered":"https:\/\/sertv.gob.pa\/crisolfm\/?p=63161"},"modified":"2024-08-01T13:13:30","modified_gmt":"2024-08-01T13:13:30","slug":"conocimiento-sobre-el-programa-aprendamos-todos-a-leer","status":"publish","type":"post","link":"https:\/\/sertv.gob.pa\/crisolfm\/conocimiento-sobre-el-programa-aprendamos-todos-a-leer\/","title":{"rendered":"Conocimiento sobre el Programa Aprendamos Todos a Leer"},"content":{"rendered":"<p><strong><em>Unos 32 docentes preescolar de la Regi\u00f3n Educativa de Panam\u00e1 Centro de la zona 9, incluyendo directivos, participaron recientemente, de la jornada pedag\u00f3gica sobre las \u00abGu\u00edas, aplicaci\u00f3n y los objetivos del Programa Nacional de Lectura Aprendamos Todos a Leer\u00bb (ATAL), que desarrolla el Ministerio de Educaci\u00f3n.<\/em><\/strong><\/p>\n<p><strong><em>El prop\u00f3sito de la jornada consisti\u00f3 en unificar y definir la planificaci\u00f3n did\u00e1ctica, uso de gu\u00edas y su aplicaci\u00f3n. \u00a0\u201cATAL\u201d, utiliza una metodolog\u00eda activa que permite al ni\u00f1o ejercitar y aplicar las habilidades en diferentes situaciones y escenarios, lo que asegura que el aprendizaje sea perdurable.<\/em><\/strong><\/p>\n<p><strong><em>La directora nacional de Educaci\u00f3n Inicial, Zoraida Yang\u00fces, incentiv\u00f3 a los participantes a continuar con la articulaci\u00f3n para cumplir los objetivos de los aprendizajes y que cada ni\u00f1o, ni\u00f1a; aprendan a leer en la edad adecuada.<\/em><\/strong><\/p>\n<p><strong><em>\u00a0<\/em><\/strong><\/p>\n<p><em>Fuente: MEDUCA<\/em><\/p>\n","protected":false},"excerpt":{"rendered":"<p>Unos 32 docentes preescolar de la Regi\u00f3n Educativa de Panam\u00e1 <a href=\"https:\/\/sertv.gob.pa\/crisolfm\/conocimiento-sobre-el-programa-aprendamos-todos-a-leer\/\"> [&#8230;]<\/a><\/p>\n","protected":false},"author":9,"featured_media":63162,"comment_status":"closed","ping_status":"closed","sticky":false,"template":"","format":"standard","meta":{"footnotes":""},"categories":[12],"tags":[],"class_list":["post-63161","post","type-post","status-publish","format-standard","has-post-thumbnail","hentry","category-nacionales"],"_links":{"self":[{"href":"https:\/\/sertv.gob.pa\/crisolfm\/wp-json\/wp\/v2\/posts\/63161","targetHints":{"allow":["GET"]}}],"collection":[{"href":"https:\/\/sertv.gob.pa\/crisolfm\/wp-json\/wp\/v2\/posts"}],"about":[{"href":"https:\/\/sertv.gob.pa\/crisolfm\/wp-json\/wp\/v2\/types\/post"}],"author":[{"embeddable":true,"href":"https:\/\/sertv.gob.pa\/crisolfm\/wp-json\/wp\/v2\/users\/9"}],"replies":[{"embeddable":true,"href":"https:\/\/sertv.gob.pa\/crisolfm\/wp-json\/wp\/v2\/comments?post=63161"}],"version-history":[{"count":1,"href":"https:\/\/sertv.gob.pa\/crisolfm\/wp-json\/wp\/v2\/posts\/63161\/revisions"}],"predecessor-version":[{"id":63163,"href":"https:\/\/sertv.gob.pa\/crisolfm\/wp-json\/wp\/v2\/posts\/63161\/revisions\/63163"}],"wp:featuredmedia":[{"embeddable":true,"href":"https:\/\/sertv.gob.pa\/crisolfm\/wp-json\/wp\/v2\/media\/63162"}],"wp:attachment":[{"href":"https:\/\/sertv.gob.pa\/crisolfm\/wp-json\/wp\/v2\/media?parent=63161"}],"wp:term":[{"taxonomy":"category","embeddable":true,"href":"https:\/\/sertv.gob.pa\/crisolfm\/wp-json\/wp\/v2\/categories?post=63161"},{"taxonomy":"post_tag","embeddable":true,"href":"https:\/\/sertv.gob.pa\/crisolfm\/wp-json\/wp\/v2\/tags?post=63161"}],"curies":[{"name":"wp","href":"https:\/\/api.w.org\/{rel}","templated":true}]}}