{"id":63180,"date":"2024-08-01T15:59:24","date_gmt":"2024-08-01T15:59:24","guid":{"rendered":"https:\/\/sertv.gob.pa\/crisolfm\/?p=63180"},"modified":"2024-08-01T15:59:24","modified_gmt":"2024-08-01T15:59:24","slug":"estudiantes-con-discapacidad-del-c-e-b-g-villa-catalina-participan-de-un-taller","status":"publish","type":"post","link":"https:\/\/sertv.gob.pa\/crisolfm\/estudiantes-con-discapacidad-del-c-e-b-g-villa-catalina-participan-de-un-taller\/","title":{"rendered":"Estudiantes con discapacidad del C.E.B.G. Villa Catalina participan de un taller"},"content":{"rendered":"<p><strong><em>El Departamento de Psicolog\u00eda del equipo t\u00e9cnico de la entidad, imparti\u00f3 un taller titulado: \u201cLas Profesiones\u201d, dirigido a diez estudiantes con discapacidad, incluidos en el C.E.B.G. Villa Catalina, con sede en el corregimiento de Juan D\u00edaz, con el objetivo de que adquieran un conocimiento profundo y significativo sobre las profesiones, contribuyendo al logro de sus aprendizajes.<\/em><\/strong><\/p>\n<p><strong><em>Durante la realizaci\u00f3n del taller, los alumnos identificaron lugares donde trabajan doctores, maestras, bomberos, pilotos y polic\u00edas. Este enfoque busca generar en los alumnos el conocimiento de las caracter\u00edsticas de estas profesiones y sus respectivos entornos laborales.\u00a0<\/em><\/strong><\/p>\n<p><strong><em>A trav\u00e9s de material l\u00fadico elaborado con elementos reciclados y copias a colores, los estudiantes pudieron descubrir los instrumentos y equipos utilizados por los profesionales. Esta metodolog\u00eda pr\u00e1ctica y visual no solo facilita el aprendizaje y la retenci\u00f3n de la informaci\u00f3n, sino que tambi\u00e9n promueve la creatividad y la sostenibilidad. Al reutilizar materiales, se genera un entorno que estimula la curiosidad y el inter\u00e9s por el mundo profesional.<\/em><\/strong><\/p>\n<p><strong><em>\u00a0<\/em><\/strong><\/p>\n<p>Fuente: IPHE<\/p>\n","protected":false},"excerpt":{"rendered":"<p>El Departamento de Psicolog\u00eda del equipo t\u00e9cnico de la entidad, <a href=\"https:\/\/sertv.gob.pa\/crisolfm\/estudiantes-con-discapacidad-del-c-e-b-g-villa-catalina-participan-de-un-taller\/\"> [&#8230;]<\/a><\/p>\n","protected":false},"author":9,"featured_media":63181,"comment_status":"closed","ping_status":"closed","sticky":false,"template":"","format":"standard","meta":{"footnotes":""},"categories":[14],"tags":[],"class_list":["post-63180","post","type-post","status-publish","format-standard","has-post-thumbnail","hentry","category-salud"],"_links":{"self":[{"href":"https:\/\/sertv.gob.pa\/crisolfm\/wp-json\/wp\/v2\/posts\/63180","targetHints":{"allow":["GET"]}}],"collection":[{"href":"https:\/\/sertv.gob.pa\/crisolfm\/wp-json\/wp\/v2\/posts"}],"about":[{"href":"https:\/\/sertv.gob.pa\/crisolfm\/wp-json\/wp\/v2\/types\/post"}],"author":[{"embeddable":true,"href":"https:\/\/sertv.gob.pa\/crisolfm\/wp-json\/wp\/v2\/users\/9"}],"replies":[{"embeddable":true,"href":"https:\/\/sertv.gob.pa\/crisolfm\/wp-json\/wp\/v2\/comments?post=63180"}],"version-history":[{"count":1,"href":"https:\/\/sertv.gob.pa\/crisolfm\/wp-json\/wp\/v2\/posts\/63180\/revisions"}],"predecessor-version":[{"id":63182,"href":"https:\/\/sertv.gob.pa\/crisolfm\/wp-json\/wp\/v2\/posts\/63180\/revisions\/63182"}],"wp:featuredmedia":[{"embeddable":true,"href":"https:\/\/sertv.gob.pa\/crisolfm\/wp-json\/wp\/v2\/media\/63181"}],"wp:attachment":[{"href":"https:\/\/sertv.gob.pa\/crisolfm\/wp-json\/wp\/v2\/media?parent=63180"}],"wp:term":[{"taxonomy":"category","embeddable":true,"href":"https:\/\/sertv.gob.pa\/crisolfm\/wp-json\/wp\/v2\/categories?post=63180"},{"taxonomy":"post_tag","embeddable":true,"href":"https:\/\/sertv.gob.pa\/crisolfm\/wp-json\/wp\/v2\/tags?post=63180"}],"curies":[{"name":"wp","href":"https:\/\/api.w.org\/{rel}","templated":true}]}}