{"id":63236,"date":"2024-08-05T17:31:22","date_gmt":"2024-08-05T17:31:22","guid":{"rendered":"https:\/\/sertv.gob.pa\/crisolfm\/?p=63236"},"modified":"2024-08-05T17:31:22","modified_gmt":"2024-08-05T17:31:22","slug":"refuerzan-conocimientos-sobre-cuidados-paliativos","status":"publish","type":"post","link":"https:\/\/sertv.gob.pa\/crisolfm\/refuerzan-conocimientos-sobre-cuidados-paliativos\/","title":{"rendered":"Refuerzan conocimientos sobre cuidados paliativos"},"content":{"rendered":"<p><strong><em>Enfermeros y enfermeras de la red de atenci\u00f3n primaria del Ministerio de Salud de la Regi\u00f3n de Chiriqu\u00ed, participaron en el seminario taller sobre cuidados paliativos.<\/em><\/strong><\/p>\n<p><strong><em>La enfermera encargada de la coordinaci\u00f3n del Adulto Mayor y Cuidados Paliativos, Izeth Serrano, destac\u00f3 la importancia de reforzar los conocimientos y destrezas de este personal del MINSA, en los 14 distritos de Chiriqu\u00ed.<\/em><\/strong><\/p>\n<p><strong><em>Serrano, se\u00f1al\u00f3 que, por mayor frecuencia y menor distancia de quienes requieren cuidados paliativos, los enfermeros y enfermeras constituyen un pilar fundamental en la atenci\u00f3n a estos pacientes y sus familiares.<\/em><\/strong><\/p>\n<p><strong><em>Uno de los objetivos de la jornada instructiva fue la colocaci\u00f3n de v\u00edas subcut\u00e1neas y de bombas elastom\u00e9ricas, medios m\u00e1s frecuentes para administrar medicamentos a los pacientes que reciben cuidados paliativos.<\/em><\/strong><\/p>\n<p><strong><em>Cada a\u00f1o es mayor el n\u00famero de personas que requieren cuidados paliativos, la mayor\u00eda pacientes con c\u00e1ncer en avanzado estado, otros con problemas card\u00edacos, enfermedades pulmonares, insuficiencia renal, demencia, VIH\/SIDA y esclerosis lateral amiotr\u00f3fica.<\/em><\/strong><\/p>\n<p><strong><em>El objetivo de los cuidados paliativos es ayudar a las personas con una enfermedad grave a sentirse mejor; tratando los efectos secundarios de la enfermedad y sus tratamientos.<\/em><\/strong><\/p>\n<p><strong><em>Los cuidados paliativos, tambi\u00e9n abordan los problemas emocionales, sociales y espirituales que la enfermedad plantea; y el acompa\u00f1amiento a los familiares incluso despu\u00e9s del deceso del paciente.<\/em><\/strong><\/p>\n<p><strong><em>\u00a0<\/em><\/strong><\/p>\n<p>Fuente: MINSA<\/p>\n","protected":false},"excerpt":{"rendered":"<p>Enfermeros y enfermeras de la red de atenci\u00f3n primaria del <a href=\"https:\/\/sertv.gob.pa\/crisolfm\/refuerzan-conocimientos-sobre-cuidados-paliativos\/\"> [&#8230;]<\/a><\/p>\n","protected":false},"author":9,"featured_media":63237,"comment_status":"closed","ping_status":"closed","sticky":false,"template":"","format":"standard","meta":{"footnotes":""},"categories":[14],"tags":[],"class_list":["post-63236","post","type-post","status-publish","format-standard","has-post-thumbnail","hentry","category-salud"],"_links":{"self":[{"href":"https:\/\/sertv.gob.pa\/crisolfm\/wp-json\/wp\/v2\/posts\/63236","targetHints":{"allow":["GET"]}}],"collection":[{"href":"https:\/\/sertv.gob.pa\/crisolfm\/wp-json\/wp\/v2\/posts"}],"about":[{"href":"https:\/\/sertv.gob.pa\/crisolfm\/wp-json\/wp\/v2\/types\/post"}],"author":[{"embeddable":true,"href":"https:\/\/sertv.gob.pa\/crisolfm\/wp-json\/wp\/v2\/users\/9"}],"replies":[{"embeddable":true,"href":"https:\/\/sertv.gob.pa\/crisolfm\/wp-json\/wp\/v2\/comments?post=63236"}],"version-history":[{"count":1,"href":"https:\/\/sertv.gob.pa\/crisolfm\/wp-json\/wp\/v2\/posts\/63236\/revisions"}],"predecessor-version":[{"id":63238,"href":"https:\/\/sertv.gob.pa\/crisolfm\/wp-json\/wp\/v2\/posts\/63236\/revisions\/63238"}],"wp:featuredmedia":[{"embeddable":true,"href":"https:\/\/sertv.gob.pa\/crisolfm\/wp-json\/wp\/v2\/media\/63237"}],"wp:attachment":[{"href":"https:\/\/sertv.gob.pa\/crisolfm\/wp-json\/wp\/v2\/media?parent=63236"}],"wp:term":[{"taxonomy":"category","embeddable":true,"href":"https:\/\/sertv.gob.pa\/crisolfm\/wp-json\/wp\/v2\/categories?post=63236"},{"taxonomy":"post_tag","embeddable":true,"href":"https:\/\/sertv.gob.pa\/crisolfm\/wp-json\/wp\/v2\/tags?post=63236"}],"curies":[{"name":"wp","href":"https:\/\/api.w.org\/{rel}","templated":true}]}}