{"id":63260,"date":"2024-08-06T14:49:06","date_gmt":"2024-08-06T14:49:06","guid":{"rendered":"https:\/\/sertv.gob.pa\/crisolfm\/?p=63260"},"modified":"2024-08-06T14:49:06","modified_gmt":"2024-08-06T14:49:06","slug":"meduca-oficializa-el-programa-escuela-para-padres","status":"publish","type":"post","link":"https:\/\/sertv.gob.pa\/crisolfm\/meduca-oficializa-el-programa-escuela-para-padres\/","title":{"rendered":"MEDUCA oficializa el programa Escuela para Padres"},"content":{"rendered":"<p><strong><em>Para crear conciencia y valores en nuestros hogares y fortalecer el v\u00ednculo familiar como principales actores de la educaci\u00f3n, el Ministerio de Educaci\u00f3n de Panam\u00e1, hizo recientemente, el lanzamiento del programa Escuela para Padres y la Primera Jornada de Formaci\u00f3n y Capacitaci\u00f3n dirigido a acudientes y particulares de todo el pa\u00eds. Con el objetivo de coadyuvar a la comunicaci\u00f3n y buena relaci\u00f3n de los estudiantes con los docentes directores regionales, supervisores y enlaces de padres de familia a fin de instruir a m\u00e1s 80 mil acudientes de todo el pa\u00eds.<\/em><\/strong><\/p>\n<p><strong><em>El 19 de agosto, la Direcci\u00f3n Nacional de Educaci\u00f3n Comunitaria y padres de Familia arranca el programa en todos los colegios oficiales y particulares que, adem\u00e1s, es un requisito para que los estudiantes puedan cobrar el Pase-U.<\/em><\/strong><\/p>\n<p><strong><em>Los acudientes tendr\u00e1n la oportunidad de instruirse con expositores en temas como: m\u00e9todos de estudios para apoyar a los estudiantes; bullying en las escuelas; disciplina positiva; trastorno por d\u00e9ficit de hiperactividad; manejo del estr\u00e9s y estrenando el autocontrol; educando emociones en los ni\u00f1os; dificultades de aprendizaje y convivencia familiar.<\/em><\/strong><\/p>\n<p><strong><em>Para la directora Nacional de Educaci\u00f3n Comunitaria y Padres de Familia, Silmax Macre, este es un espacio formativo en el que se busca acercar a los padres con los profesores, para que acompa\u00f1en a sus hijos de manera efectiva en todo su desarrollo integral.<\/em><\/strong><\/p>\n<p><strong><em>En las redes sociales del MEDUCA, se anunciar\u00e1n los links de cada tema para que los acudientes puedan ingresar a escuchar las charlas de manera gratuita.<\/em><\/strong><\/p>\n<p>&nbsp;<\/p>\n<p>Fuente: MEDUCA<\/p>\n","protected":false},"excerpt":{"rendered":"<p>Para crear conciencia y valores en nuestros hogares y fortalecer <a href=\"https:\/\/sertv.gob.pa\/crisolfm\/meduca-oficializa-el-programa-escuela-para-padres\/\"> [&#8230;]<\/a><\/p>\n","protected":false},"author":9,"featured_media":63261,"comment_status":"closed","ping_status":"closed","sticky":false,"template":"","format":"standard","meta":{"footnotes":""},"categories":[12],"tags":[],"class_list":["post-63260","post","type-post","status-publish","format-standard","has-post-thumbnail","hentry","category-nacionales"],"_links":{"self":[{"href":"https:\/\/sertv.gob.pa\/crisolfm\/wp-json\/wp\/v2\/posts\/63260","targetHints":{"allow":["GET"]}}],"collection":[{"href":"https:\/\/sertv.gob.pa\/crisolfm\/wp-json\/wp\/v2\/posts"}],"about":[{"href":"https:\/\/sertv.gob.pa\/crisolfm\/wp-json\/wp\/v2\/types\/post"}],"author":[{"embeddable":true,"href":"https:\/\/sertv.gob.pa\/crisolfm\/wp-json\/wp\/v2\/users\/9"}],"replies":[{"embeddable":true,"href":"https:\/\/sertv.gob.pa\/crisolfm\/wp-json\/wp\/v2\/comments?post=63260"}],"version-history":[{"count":1,"href":"https:\/\/sertv.gob.pa\/crisolfm\/wp-json\/wp\/v2\/posts\/63260\/revisions"}],"predecessor-version":[{"id":63262,"href":"https:\/\/sertv.gob.pa\/crisolfm\/wp-json\/wp\/v2\/posts\/63260\/revisions\/63262"}],"wp:featuredmedia":[{"embeddable":true,"href":"https:\/\/sertv.gob.pa\/crisolfm\/wp-json\/wp\/v2\/media\/63261"}],"wp:attachment":[{"href":"https:\/\/sertv.gob.pa\/crisolfm\/wp-json\/wp\/v2\/media?parent=63260"}],"wp:term":[{"taxonomy":"category","embeddable":true,"href":"https:\/\/sertv.gob.pa\/crisolfm\/wp-json\/wp\/v2\/categories?post=63260"},{"taxonomy":"post_tag","embeddable":true,"href":"https:\/\/sertv.gob.pa\/crisolfm\/wp-json\/wp\/v2\/tags?post=63260"}],"curies":[{"name":"wp","href":"https:\/\/api.w.org\/{rel}","templated":true}]}}