{"id":63271,"date":"2024-08-06T16:00:33","date_gmt":"2024-08-06T16:00:33","guid":{"rendered":"https:\/\/sertv.gob.pa\/crisolfm\/?p=63271"},"modified":"2024-08-06T16:00:33","modified_gmt":"2024-08-06T16:00:33","slug":"avanza-fomento-de-la-lactancia-materna","status":"publish","type":"post","link":"https:\/\/sertv.gob.pa\/crisolfm\/avanza-fomento-de-la-lactancia-materna\/","title":{"rendered":"Avanza fomento de la lactancia materna"},"content":{"rendered":"<p><strong><em>Al inicio del mes de agosto de cada a\u00f1o, se celebra la Semana Mundial de la Lactancia Materna en todas las instalaciones del Ministerio de Salud y se refuerza la promoci\u00f3n de esta ben\u00e9fica pr\u00e1ctica.<\/em><\/strong><\/p>\n<p><strong><em>Adem\u00e1s, de la orientaci\u00f3n impartida a las embarazadas y j\u00f3venes mujeres en los centros de salud en la sede regional del MINSA, se desarrollan docencias sobre la lactancia materna, dirigida a m\u00e9dicos y enfermeras de la red primaria de atenci\u00f3n.<\/em><\/strong><\/p>\n<p><strong><em>La coordinadora regional de Salud Sexual y Reproductiva, Gisela Vald\u00e9s, destac\u00f3 la necesidad de concienciar a las mujeres en edad f\u00e9rtil y a la comunidad, sobre la importancia de alimentar a los ni\u00f1os solo con leche materna, por lo menos los primeros seis meses de vida.<\/em><\/strong><\/p>\n<p><strong><em>\u201cLa leche materna, no solo es el mejor alimento que puede recibir un infante, sino que la misma fortalece sus defensas inmunol\u00f3gicas, disminuyendo el riesgo de enfermedades\u201d, manifest\u00f3 la Dra. Vald\u00e9s.<\/em><\/strong><\/p>\n<p><strong><em>La funcionaria, advirti\u00f3 que, la mayor\u00eda de las madres no cumplen con la lactancia materna (solo una de cada cinco), en gran medida por la influencia negativa de su entorno social, muchas veces basado en mitos falsos.<\/em><\/strong><\/p>\n<p><strong><em>\u201cAdem\u00e1s, de ser el m\u00e1s grande gesto de amor y protecci\u00f3n hacia sus hijos, las madres que dan pecho se recuperan m\u00e1s r\u00e1pido y tienen menos riesgo de padecer c\u00e1ncer y otras enfermedades\u201d, afirm\u00f3 Vald\u00e9s.<\/em><\/strong><\/p>\n<p><strong><em>\u00a0<\/em><\/strong><\/p>\n<p>Fuente: MINSA<\/p>\n","protected":false},"excerpt":{"rendered":"<p>Al inicio del mes de agosto de cada a\u00f1o, se <a href=\"https:\/\/sertv.gob.pa\/crisolfm\/avanza-fomento-de-la-lactancia-materna\/\"> [&#8230;]<\/a><\/p>\n","protected":false},"author":9,"featured_media":63272,"comment_status":"closed","ping_status":"closed","sticky":false,"template":"","format":"standard","meta":{"footnotes":""},"categories":[14],"tags":[],"class_list":["post-63271","post","type-post","status-publish","format-standard","has-post-thumbnail","hentry","category-salud"],"_links":{"self":[{"href":"https:\/\/sertv.gob.pa\/crisolfm\/wp-json\/wp\/v2\/posts\/63271","targetHints":{"allow":["GET"]}}],"collection":[{"href":"https:\/\/sertv.gob.pa\/crisolfm\/wp-json\/wp\/v2\/posts"}],"about":[{"href":"https:\/\/sertv.gob.pa\/crisolfm\/wp-json\/wp\/v2\/types\/post"}],"author":[{"embeddable":true,"href":"https:\/\/sertv.gob.pa\/crisolfm\/wp-json\/wp\/v2\/users\/9"}],"replies":[{"embeddable":true,"href":"https:\/\/sertv.gob.pa\/crisolfm\/wp-json\/wp\/v2\/comments?post=63271"}],"version-history":[{"count":1,"href":"https:\/\/sertv.gob.pa\/crisolfm\/wp-json\/wp\/v2\/posts\/63271\/revisions"}],"predecessor-version":[{"id":63273,"href":"https:\/\/sertv.gob.pa\/crisolfm\/wp-json\/wp\/v2\/posts\/63271\/revisions\/63273"}],"wp:featuredmedia":[{"embeddable":true,"href":"https:\/\/sertv.gob.pa\/crisolfm\/wp-json\/wp\/v2\/media\/63272"}],"wp:attachment":[{"href":"https:\/\/sertv.gob.pa\/crisolfm\/wp-json\/wp\/v2\/media?parent=63271"}],"wp:term":[{"taxonomy":"category","embeddable":true,"href":"https:\/\/sertv.gob.pa\/crisolfm\/wp-json\/wp\/v2\/categories?post=63271"},{"taxonomy":"post_tag","embeddable":true,"href":"https:\/\/sertv.gob.pa\/crisolfm\/wp-json\/wp\/v2\/tags?post=63271"}],"curies":[{"name":"wp","href":"https:\/\/api.w.org\/{rel}","templated":true}]}}