{"id":63325,"date":"2024-08-07T17:41:13","date_gmt":"2024-08-07T17:41:13","guid":{"rendered":"https:\/\/sertv.gob.pa\/crisolfm\/?p=63325"},"modified":"2024-08-07T17:41:13","modified_gmt":"2024-08-07T17:41:13","slug":"operativo-contra-el-dengue-previo-al-festival-nacional-del-manito-en-ocu","status":"publish","type":"post","link":"https:\/\/sertv.gob.pa\/crisolfm\/operativo-contra-el-dengue-previo-al-festival-nacional-del-manito-en-ocu\/","title":{"rendered":"Operativo contra el dengue previo al festival nacional del Manito en Oc\u00fa"},"content":{"rendered":"<p><strong><em>En un esfuerzo conjunto para combatir el dengue y otras enfermedades durante la celebraci\u00f3n del Festival Nacional del Manito, la Regi\u00f3n de Salud de Herrera y la Alcald\u00eda del distrito de Oc\u00fa, efectuaron una reuni\u00f3n de coordinaci\u00f3n con miras a fortalecer estrategias de prevenci\u00f3n. Este encuentro se centr\u00f3 en planificar una jornada integral de limpieza y realizar inspecciones que aseguren un entorno seguro y saludable para todos los asistentes, la cual se realizar\u00e1 el pr\u00f3ximo 8 de agosto, con el fin de garantizar que la comunidad est\u00e9 espacios libre de criaderos de mosquitos, especialmente en \u00e1reas donde se congregan grandes cantidades de personas.<\/em><\/strong><\/p>\n<p><strong><em>Entre las acciones acordadas, se incluye una campa\u00f1a de limpieza,\u00a0 sensibilizaci\u00f3n y orientaci\u00f3n para los residentes y visitantes, la eliminaci\u00f3n de posibles focos de reproducci\u00f3n de mosquitos, y la implementaci\u00f3n de jornadas de nebulizaci\u00f3n antes, y despu\u00e9s del evento.<br \/>\nDurante la reuni\u00f3n, en la que tambi\u00e9n particip\u00f3 el patronato del Festival Nacional del Manito, se anunci\u00f3 que los equipos de Salud P\u00fablica se mantendr\u00e1n en el sitio del 15 al 18 de agosto, y realizar\u00e1n inspecciones a sitios de expendios de comidas y bebidas, para garantizar que los asistentes puedan disfrutar de esta celebraci\u00f3n sin riesgos sanitarios.<\/em><\/strong><\/p>\n<p><strong><em>\u00a0<\/em><\/strong><\/p>\n<p>Fuente: MINSA<\/p>\n","protected":false},"excerpt":{"rendered":"<p>En un esfuerzo conjunto para combatir el dengue y otras <a href=\"https:\/\/sertv.gob.pa\/crisolfm\/operativo-contra-el-dengue-previo-al-festival-nacional-del-manito-en-ocu\/\"> [&#8230;]<\/a><\/p>\n","protected":false},"author":9,"featured_media":63326,"comment_status":"closed","ping_status":"closed","sticky":false,"template":"","format":"standard","meta":{"footnotes":""},"categories":[14],"tags":[],"class_list":["post-63325","post","type-post","status-publish","format-standard","has-post-thumbnail","hentry","category-salud"],"_links":{"self":[{"href":"https:\/\/sertv.gob.pa\/crisolfm\/wp-json\/wp\/v2\/posts\/63325","targetHints":{"allow":["GET"]}}],"collection":[{"href":"https:\/\/sertv.gob.pa\/crisolfm\/wp-json\/wp\/v2\/posts"}],"about":[{"href":"https:\/\/sertv.gob.pa\/crisolfm\/wp-json\/wp\/v2\/types\/post"}],"author":[{"embeddable":true,"href":"https:\/\/sertv.gob.pa\/crisolfm\/wp-json\/wp\/v2\/users\/9"}],"replies":[{"embeddable":true,"href":"https:\/\/sertv.gob.pa\/crisolfm\/wp-json\/wp\/v2\/comments?post=63325"}],"version-history":[{"count":1,"href":"https:\/\/sertv.gob.pa\/crisolfm\/wp-json\/wp\/v2\/posts\/63325\/revisions"}],"predecessor-version":[{"id":63327,"href":"https:\/\/sertv.gob.pa\/crisolfm\/wp-json\/wp\/v2\/posts\/63325\/revisions\/63327"}],"wp:featuredmedia":[{"embeddable":true,"href":"https:\/\/sertv.gob.pa\/crisolfm\/wp-json\/wp\/v2\/media\/63326"}],"wp:attachment":[{"href":"https:\/\/sertv.gob.pa\/crisolfm\/wp-json\/wp\/v2\/media?parent=63325"}],"wp:term":[{"taxonomy":"category","embeddable":true,"href":"https:\/\/sertv.gob.pa\/crisolfm\/wp-json\/wp\/v2\/categories?post=63325"},{"taxonomy":"post_tag","embeddable":true,"href":"https:\/\/sertv.gob.pa\/crisolfm\/wp-json\/wp\/v2\/tags?post=63325"}],"curies":[{"name":"wp","href":"https:\/\/api.w.org\/{rel}","templated":true}]}}