{"id":63396,"date":"2024-08-09T15:19:49","date_gmt":"2024-08-09T15:19:49","guid":{"rendered":"https:\/\/sertv.gob.pa\/crisolfm\/?p=63396"},"modified":"2024-08-09T15:19:49","modified_gmt":"2024-08-09T15:19:49","slug":"exponen-la-situacion-actual-de-malaria-en-la-provincia-de-veraguas","status":"publish","type":"post","link":"https:\/\/sertv.gob.pa\/crisolfm\/exponen-la-situacion-actual-de-malaria-en-la-provincia-de-veraguas\/","title":{"rendered":"Exponen la situaci\u00f3n actual de Malaria en la provincia de Veraguas"},"content":{"rendered":"<p><strong><em>En la provincia de Veraguas, se desarroll\u00f3 la presentaci\u00f3n mensual sobre la situaci\u00f3n actual de la Malaria en esta regi\u00f3n del pa\u00eds, con la participaci\u00f3n de los departamentos de Laboratorio Cl\u00ednico, Epidemiolog\u00eda, Control de Vectores, Educaci\u00f3n para la Salud, Salud P\u00fablica, Representaci\u00f3n del Centro de Salud de R\u00edo Luis, autoridades regionales y el Dr. Alfredo Ortega en representaci\u00f3n del Banco Interamericano de Desarrollo\u00a0(BID) aliados estrat\u00e9gicos del Ministerio de Salud.\u00a0<\/em><\/strong><\/p>\n<p><strong><em>Durante la presentaci\u00f3n, se indic\u00f3 que, a la fecha, se han<br \/>\nreportan 164 casos de Malaria, siendo el \u00e1rea norte del distrito de Santa Fe, la m\u00e1s afecta, especialmente en el corregimiento de Calov\u00e9bora,\u00a0en las comunidades Urrac\u00e1, Los Americanos y Ca\u00f1o Julio.<\/em><\/strong><\/p>\n<p><strong><em>\u00a0Ricardo Chong, jefe regional de Epidemiolog\u00eda, destac\u00f3 que, se est\u00e1n desarrollando estrategias y acciones preventivas con la participaci\u00f3n de los Departamento de Control de Vectores y Promoci\u00f3n para la salud, quienes se mantienen en estas apartadas comunidades brindando la docencia, realizando la trazabilidad, seguimiento y control de los casos, fumigando las viviendas y predios,\u00a0para prevenir un\u00a0incremento de casos.<\/em><\/strong><\/p>\n<p><strong><em>\u00a0<\/em><\/strong><\/p>\n<p>Fuente: MINSA<\/p>\n","protected":false},"excerpt":{"rendered":"<p>En la provincia de Veraguas, se desarroll\u00f3 la presentaci\u00f3n mensual <a href=\"https:\/\/sertv.gob.pa\/crisolfm\/exponen-la-situacion-actual-de-malaria-en-la-provincia-de-veraguas\/\"> [&#8230;]<\/a><\/p>\n","protected":false},"author":9,"featured_media":63397,"comment_status":"closed","ping_status":"closed","sticky":false,"template":"","format":"standard","meta":{"footnotes":""},"categories":[14],"tags":[],"class_list":["post-63396","post","type-post","status-publish","format-standard","has-post-thumbnail","hentry","category-salud"],"_links":{"self":[{"href":"https:\/\/sertv.gob.pa\/crisolfm\/wp-json\/wp\/v2\/posts\/63396","targetHints":{"allow":["GET"]}}],"collection":[{"href":"https:\/\/sertv.gob.pa\/crisolfm\/wp-json\/wp\/v2\/posts"}],"about":[{"href":"https:\/\/sertv.gob.pa\/crisolfm\/wp-json\/wp\/v2\/types\/post"}],"author":[{"embeddable":true,"href":"https:\/\/sertv.gob.pa\/crisolfm\/wp-json\/wp\/v2\/users\/9"}],"replies":[{"embeddable":true,"href":"https:\/\/sertv.gob.pa\/crisolfm\/wp-json\/wp\/v2\/comments?post=63396"}],"version-history":[{"count":1,"href":"https:\/\/sertv.gob.pa\/crisolfm\/wp-json\/wp\/v2\/posts\/63396\/revisions"}],"predecessor-version":[{"id":63398,"href":"https:\/\/sertv.gob.pa\/crisolfm\/wp-json\/wp\/v2\/posts\/63396\/revisions\/63398"}],"wp:featuredmedia":[{"embeddable":true,"href":"https:\/\/sertv.gob.pa\/crisolfm\/wp-json\/wp\/v2\/media\/63397"}],"wp:attachment":[{"href":"https:\/\/sertv.gob.pa\/crisolfm\/wp-json\/wp\/v2\/media?parent=63396"}],"wp:term":[{"taxonomy":"category","embeddable":true,"href":"https:\/\/sertv.gob.pa\/crisolfm\/wp-json\/wp\/v2\/categories?post=63396"},{"taxonomy":"post_tag","embeddable":true,"href":"https:\/\/sertv.gob.pa\/crisolfm\/wp-json\/wp\/v2\/tags?post=63396"}],"curies":[{"name":"wp","href":"https:\/\/api.w.org\/{rel}","templated":true}]}}