{"id":6340,"date":"2016-10-03T18:44:23","date_gmt":"2016-10-03T18:44:23","guid":{"rendered":""},"modified":"2016-10-03T18:44:23","modified_gmt":"2016-10-03T18:44:23","slug":"cien-casas-afectadas-por-inundaciones-en-distrito-de-baru-en-chiriqui","status":"publish","type":"post","link":"https:\/\/sertv.gob.pa\/crisolfm\/cien-casas-afectadas-por-inundaciones-en-distrito-de-baru-en-chiriqui\/","title":{"rendered":"Cien casas afectadas por inundaciones en distrito de Bar\u00fa en Chiriqu\u00ed"},"content":{"rendered":"<p>\nAlrededor de 100 viviendas resultaron afectadas por las fuertes lluvias que provocaron inundaciones en las \u00faltimas horas en la provincia de  Chiriqu\u00ed . <\/p>\n<p>Las viviendas est\u00e1n ubicadas en Manaca, Manaca Norte y El Porvenir, que pertenecen al distrito de Bar\u00fa. <\/p>\n<p>En un primer momento se hab\u00edan contabilizado 35 casas, pero la cifra aument\u00f3 tras las inspecciones efectuadas \u00a0la ma\u00f1ana de este lunes. <\/p>\n<p>En estas inspecciones participaron funcionarios del Cuerpo de Bomberos, Ministerio de Desarrollo Social, Ministerio de Vivienda y Ordenamiento Territorial y el Sistema Nacional de Protecci\u00f3n Civil. <\/p>\n<p>En tanto, el alcalde del distrito de Bar\u00fa, Franklin Vald\u00e9s, manifest\u00f3 que se les est\u00e1 brindando ayuda a todos los afectados. <\/p>\n<p>Vald\u00e9s agreg\u00f3 que debido a estas inundaciones se decidi\u00f3 suspender\u00a0las clases por este lunes. <\/p>\n<p>\u00a0 <\/p>\n","protected":false},"excerpt":{"rendered":"<p>Alrededor de 100 viviendas resultaron afectadas por las fuertes lluvias <a href=\"https:\/\/sertv.gob.pa\/crisolfm\/cien-casas-afectadas-por-inundaciones-en-distrito-de-baru-en-chiriqui\/\"> [&#8230;]<\/a><\/p>\n","protected":false},"author":1,"featured_media":6341,"comment_status":"closed","ping_status":"closed","sticky":false,"template":"","format":"standard","meta":{"footnotes":""},"categories":[7],"tags":[],"class_list":["post-6340","post","type-post","status-publish","format-standard","has-post-thumbnail","hentry","category-ecologicas"],"_links":{"self":[{"href":"https:\/\/sertv.gob.pa\/crisolfm\/wp-json\/wp\/v2\/posts\/6340","targetHints":{"allow":["GET"]}}],"collection":[{"href":"https:\/\/sertv.gob.pa\/crisolfm\/wp-json\/wp\/v2\/posts"}],"about":[{"href":"https:\/\/sertv.gob.pa\/crisolfm\/wp-json\/wp\/v2\/types\/post"}],"author":[{"embeddable":true,"href":"https:\/\/sertv.gob.pa\/crisolfm\/wp-json\/wp\/v2\/users\/1"}],"replies":[{"embeddable":true,"href":"https:\/\/sertv.gob.pa\/crisolfm\/wp-json\/wp\/v2\/comments?post=6340"}],"version-history":[{"count":0,"href":"https:\/\/sertv.gob.pa\/crisolfm\/wp-json\/wp\/v2\/posts\/6340\/revisions"}],"wp:featuredmedia":[{"embeddable":true,"href":"https:\/\/sertv.gob.pa\/crisolfm\/wp-json\/wp\/v2\/media\/6341"}],"wp:attachment":[{"href":"https:\/\/sertv.gob.pa\/crisolfm\/wp-json\/wp\/v2\/media?parent=6340"}],"wp:term":[{"taxonomy":"category","embeddable":true,"href":"https:\/\/sertv.gob.pa\/crisolfm\/wp-json\/wp\/v2\/categories?post=6340"},{"taxonomy":"post_tag","embeddable":true,"href":"https:\/\/sertv.gob.pa\/crisolfm\/wp-json\/wp\/v2\/tags?post=6340"}],"curies":[{"name":"wp","href":"https:\/\/api.w.org\/{rel}","templated":true}]}}