{"id":63448,"date":"2024-08-12T18:21:54","date_gmt":"2024-08-12T18:21:54","guid":{"rendered":"https:\/\/sertv.gob.pa\/crisolfm\/?p=63448"},"modified":"2024-08-12T18:21:54","modified_gmt":"2024-08-12T18:21:54","slug":"el-fuego-alcanza-el-tejido-urbano-de-atenas-y-grecia-pide-ayuda-externa","status":"publish","type":"post","link":"https:\/\/sertv.gob.pa\/crisolfm\/el-fuego-alcanza-el-tejido-urbano-de-atenas-y-grecia-pide-ayuda-externa\/","title":{"rendered":"El fuego alcanza el tejido urbano de Atenas y Grecia pide ayuda externa"},"content":{"rendered":"<p><strong><em>Atenas (EFE).- <\/em><\/strong><em>Grecia pidi\u00f3 este lunes ayuda de otros pa\u00edses europeos para combatir el gran incendio que, declarado la v\u00edspera en las afueras de Atenas, llega ya a zonas del tejido urbano en el norte de la capital, mientras sigue propag\u00e1ndose descontrolado y con rapidez.<\/em><\/p>\n<p><em>\u201cSe ha hecho una solicitud al Servicio de Protecci\u00f3n Civil de la Uni\u00f3n Europea (UE) para que apoye a Grecia con medios a\u00e9reos y terrestres para luchar contra el fuego\u201d, inform\u00f3 a EFE un portavoz de los Bomberos helenos.<\/em><\/p>\n<p><em>M\u00e1s de 700 bomberos, con 190 camiones, 17 aviones y 15 helic\u00f3pteros cisterna, operan actualmente en la vasta zona al norte y al este de Atenas arrasada por las llamas, a\u00f1adi\u00f3.<\/em><\/p>\n","protected":false},"excerpt":{"rendered":"<p>Atenas (EFE).- Grecia pidi\u00f3 este lunes ayuda de otros pa\u00edses <a href=\"https:\/\/sertv.gob.pa\/crisolfm\/el-fuego-alcanza-el-tejido-urbano-de-atenas-y-grecia-pide-ayuda-externa\/\"> [&#8230;]<\/a><\/p>\n","protected":false},"author":9,"featured_media":63449,"comment_status":"closed","ping_status":"closed","sticky":false,"template":"","format":"standard","meta":{"footnotes":""},"categories":[13],"tags":[],"class_list":["post-63448","post","type-post","status-publish","format-standard","has-post-thumbnail","hentry","category-internacionales"],"_links":{"self":[{"href":"https:\/\/sertv.gob.pa\/crisolfm\/wp-json\/wp\/v2\/posts\/63448","targetHints":{"allow":["GET"]}}],"collection":[{"href":"https:\/\/sertv.gob.pa\/crisolfm\/wp-json\/wp\/v2\/posts"}],"about":[{"href":"https:\/\/sertv.gob.pa\/crisolfm\/wp-json\/wp\/v2\/types\/post"}],"author":[{"embeddable":true,"href":"https:\/\/sertv.gob.pa\/crisolfm\/wp-json\/wp\/v2\/users\/9"}],"replies":[{"embeddable":true,"href":"https:\/\/sertv.gob.pa\/crisolfm\/wp-json\/wp\/v2\/comments?post=63448"}],"version-history":[{"count":1,"href":"https:\/\/sertv.gob.pa\/crisolfm\/wp-json\/wp\/v2\/posts\/63448\/revisions"}],"predecessor-version":[{"id":63450,"href":"https:\/\/sertv.gob.pa\/crisolfm\/wp-json\/wp\/v2\/posts\/63448\/revisions\/63450"}],"wp:featuredmedia":[{"embeddable":true,"href":"https:\/\/sertv.gob.pa\/crisolfm\/wp-json\/wp\/v2\/media\/63449"}],"wp:attachment":[{"href":"https:\/\/sertv.gob.pa\/crisolfm\/wp-json\/wp\/v2\/media?parent=63448"}],"wp:term":[{"taxonomy":"category","embeddable":true,"href":"https:\/\/sertv.gob.pa\/crisolfm\/wp-json\/wp\/v2\/categories?post=63448"},{"taxonomy":"post_tag","embeddable":true,"href":"https:\/\/sertv.gob.pa\/crisolfm\/wp-json\/wp\/v2\/tags?post=63448"}],"curies":[{"name":"wp","href":"https:\/\/api.w.org\/{rel}","templated":true}]}}