{"id":63479,"date":"2024-08-13T16:58:39","date_gmt":"2024-08-13T16:58:39","guid":{"rendered":"https:\/\/sertv.gob.pa\/crisolfm\/?p=63479"},"modified":"2024-08-13T17:22:09","modified_gmt":"2024-08-13T17:22:09","slug":"veraguas-cuenta-con-dos-nuevas-clinicas-de-heridas","status":"publish","type":"post","link":"https:\/\/sertv.gob.pa\/crisolfm\/veraguas-cuenta-con-dos-nuevas-clinicas-de-heridas\/","title":{"rendered":"Veraguas cuenta con dos nuevas Cl\u00ednicas de Heridas"},"content":{"rendered":"<div class=\"fusion-fullwidth fullwidth-box fusion-builder-row-1 fusion-flex-container has-pattern-background has-mask-background nonhundred-percent-fullwidth non-hundred-percent-height-scrolling\" style=\"--awb-border-radius-top-left:0px;--awb-border-radius-top-right:0px;--awb-border-radius-bottom-right:0px;--awb-border-radius-bottom-left:0px;--awb-flex-wrap:wrap;\" ><div class=\"fusion-builder-row fusion-row fusion-flex-align-items-flex-start fusion-flex-content-wrap\" style=\"max-width:1144px;margin-left: calc(-4% \/ 2 );margin-right: calc(-4% \/ 2 );\"><div class=\"fusion-layout-column fusion_builder_column fusion-builder-column-0 fusion_builder_column_1_1 1_1 fusion-flex-column\" style=\"--awb-bg-size:cover;--awb-width-large:100%;--awb-margin-top-large:0px;--awb-spacing-right-large:1.92%;--awb-margin-bottom-large:20px;--awb-spacing-left-large:1.92%;--awb-width-medium:100%;--awb-order-medium:0;--awb-spacing-right-medium:1.92%;--awb-spacing-left-medium:1.92%;--awb-width-small:100%;--awb-order-small:0;--awb-spacing-right-small:1.92%;--awb-spacing-left-small:1.92%;\"><div class=\"fusion-column-wrapper fusion-column-has-shadow fusion-flex-justify-content-flex-start fusion-content-layout-column\"><div class=\"fusion-text fusion-text-1\"><p><strong><em>El Ministerio de Salud en la provincia de Veraguas, cuenta con dos nuevas Cl\u00ednicas de Heridas ubicadas en el Centro de Salud de R\u00edo de Jes\u00fas y el Centro de Salud de Atalaya, con la intenci\u00f3n de brindar el manejo,\u00a0tratamiento, prevenci\u00f3n, cicatrizaci\u00f3n y rehabilitaci\u00f3n de pacientes con cualquier tipo de heridas cr\u00f3nicas o de dif\u00edcil cicatrizaci\u00f3n.\u00a0<\/em><\/strong><\/p>\n<p><strong><em>Estas dos nuevas Cl\u00ednicas, se unen a la atenci\u00f3n que est\u00e1 brindando el Centro de Salud de Canto del Llano, que ayuda a desalojar la sala de urgencias del Hospital Dr.Luis \u00abChicho\u00bbFabrega, con la facilidad de encontrar esta atenci\u00f3n cerca del hogar sin necesidad de trasladarse al distrito de Santiago.<\/em><\/strong><\/p>\n<p><strong><em>Cabe mencionar que, al presente, el Centro de Salud de R\u00edo de Jes\u00fas, est\u00e1 brindando atenci\u00f3n a 14 personas de lunes a viernes, mientras en Atalaya, est\u00e1n acudiendo 10 pacientes 3 veces por semana de lunes a viernes. Siendo el pie diab\u00e9tico, varices y varices venosas, las atenciones m\u00e1s frecuentes.<\/em><\/strong><\/p>\n<p><strong><em>Xavier Antonio Torres Dom\u00ednguez, director regional, explic\u00f3 que, desde la apertura de estas nuevas cl\u00ednicas, se la logrado realizar m\u00e1s de 250 curaciones, recibiendo atenci\u00f3n 3 veces a la semana.<\/em><\/strong><\/p>\n<p><strong><em>El galeno, destac\u00f3 que, se cuenta con los insumos necesarios para el funcionamiento de estas nuevas Cl\u00ednicas y que se aspira a capacitar a m\u00e1s profesionales para apertura nuevas Cl\u00ednicas de Heridas, especialmente por la gran cantidad de pacientes diab\u00e9ticos que se reportan en esta regi\u00f3n del pa\u00eds.<\/em><\/strong><\/p>\n<p><strong><em>\u00a0<\/em><\/strong><\/p>\n<p>Fuente: MINSA<\/p>\n<\/div><div class=\"awb-gallery-wrapper awb-gallery-wrapper-1 button-span-no\" style=\"--more-btn-alignment:center;\"><div style=\"margin:-5px;--awb-bordersize:0px;\" class=\"fusion-gallery fusion-gallery-container fusion-grid-3 fusion-columns-total-4 fusion-gallery-layout-grid fusion-gallery-1\"><div style=\"padding:5px;\" class=\"fusion-grid-column fusion-gallery-column fusion-gallery-column-3 hover-type-none\"><div class=\"fusion-gallery-image\"><a href=\"https:\/\/sertv.gob.pa\/crisolfm\/wp-content\/uploads\/sites\/2\/2024\/08\/CLINICA-DE-HERIDAS-VERAGUAS-2.jpeg\" rel=\"noreferrer\" data-rel=\"iLightbox[gallery_image_1]\" class=\"fusion-lightbox\" target=\"_self\"><img decoding=\"async\" src=\"https:\/\/sertv.gob.pa\/crisolfm\/wp-content\/uploads\/sites\/2\/2024\/08\/CLINICA-DE-HERIDAS-VERAGUAS-2.jpeg\" width=\"600\" height=\"400\" alt=\"\" title=\"CL\u00cdNICA DE HERIDAS VERAGUAS 2\" aria-label=\"CL\u00cdNICA DE HERIDAS VERAGUAS 2\" class=\"img-responsive wp-image-63480\" srcset=\"https:\/\/sertv.gob.pa\/crisolfm\/wp-content\/uploads\/sites\/2\/2024\/08\/CLINICA-DE-HERIDAS-VERAGUAS-2-200x133.jpeg 200w, https:\/\/sertv.gob.pa\/crisolfm\/wp-content\/uploads\/sites\/2\/2024\/08\/CLINICA-DE-HERIDAS-VERAGUAS-2-400x267.jpeg 400w, https:\/\/sertv.gob.pa\/crisolfm\/wp-content\/uploads\/sites\/2\/2024\/08\/CLINICA-DE-HERIDAS-VERAGUAS-2.jpeg 600w\" sizes=\"(min-width: 2200px) 100vw, (min-width: 784px) 363px, (min-width: 712px) 545px, (min-width: 640px) 712px, \" \/><\/a><\/div><\/div><div style=\"padding:5px;\" class=\"fusion-grid-column fusion-gallery-column fusion-gallery-column-3 hover-type-none\"><div class=\"fusion-gallery-image\"><a href=\"https:\/\/sertv.gob.pa\/crisolfm\/wp-content\/uploads\/sites\/2\/2024\/08\/CLINICA-DE-HERIDAS-VERAGUAS-1.jpeg\" rel=\"noreferrer\" data-rel=\"iLightbox[gallery_image_1]\" class=\"fusion-lightbox\" target=\"_self\"><img decoding=\"async\" src=\"https:\/\/sertv.gob.pa\/crisolfm\/wp-content\/uploads\/sites\/2\/2024\/08\/CLINICA-DE-HERIDAS-VERAGUAS-1.jpeg\" width=\"305\" height=\"203\" alt=\"\" title=\"CL\u00cdNICA DE HERIDAS VERAGUAS 1\" aria-label=\"CL\u00cdNICA DE HERIDAS VERAGUAS 1\" class=\"img-responsive wp-image-63481\" srcset=\"https:\/\/sertv.gob.pa\/crisolfm\/wp-content\/uploads\/sites\/2\/2024\/08\/CLINICA-DE-HERIDAS-VERAGUAS-1-200x133.jpeg 200w, https:\/\/sertv.gob.pa\/crisolfm\/wp-content\/uploads\/sites\/2\/2024\/08\/CLINICA-DE-HERIDAS-VERAGUAS-1.jpeg 305w\" sizes=\"(min-width: 2200px) 100vw, (min-width: 784px) 363px, (min-width: 712px) 545px, (min-width: 640px) 712px, \" \/><\/a><\/div><\/div><div style=\"padding:5px;\" class=\"fusion-grid-column fusion-gallery-column fusion-gallery-column-3 hover-type-none\"><div class=\"fusion-gallery-image\"><a href=\"https:\/\/sertv.gob.pa\/crisolfm\/wp-content\/uploads\/sites\/2\/2024\/08\/CLINICA-DE-HERIDAS-VERAGUAS-3.jpeg\" rel=\"noreferrer\" data-rel=\"iLightbox[gallery_image_1]\" class=\"fusion-lightbox\" target=\"_self\"><img decoding=\"async\" src=\"https:\/\/sertv.gob.pa\/crisolfm\/wp-content\/uploads\/sites\/2\/2024\/08\/CLINICA-DE-HERIDAS-VERAGUAS-3.jpeg\" width=\"600\" height=\"400\" alt=\"\" title=\"CL\u00cdNICA DE HERIDAS VERAGUAS 3\" aria-label=\"CL\u00cdNICA DE HERIDAS VERAGUAS 3\" class=\"img-responsive wp-image-63482\" srcset=\"https:\/\/sertv.gob.pa\/crisolfm\/wp-content\/uploads\/sites\/2\/2024\/08\/CLINICA-DE-HERIDAS-VERAGUAS-3-200x133.jpeg 200w, https:\/\/sertv.gob.pa\/crisolfm\/wp-content\/uploads\/sites\/2\/2024\/08\/CLINICA-DE-HERIDAS-VERAGUAS-3-400x267.jpeg 400w, https:\/\/sertv.gob.pa\/crisolfm\/wp-content\/uploads\/sites\/2\/2024\/08\/CLINICA-DE-HERIDAS-VERAGUAS-3.jpeg 600w\" sizes=\"(min-width: 2200px) 100vw, (min-width: 784px) 363px, (min-width: 712px) 545px, (min-width: 640px) 712px, \" \/><\/a><\/div><\/div><div class=\"clearfix\"><\/div><div style=\"padding:5px;\" class=\"fusion-grid-column fusion-gallery-column fusion-gallery-column-3 hover-type-none\"><div class=\"fusion-gallery-image\"><a href=\"https:\/\/sertv.gob.pa\/crisolfm\/wp-content\/uploads\/sites\/2\/2024\/08\/CLINICA-DE-HERIDAS-VERAGUAS-4.jpeg\" rel=\"noreferrer\" data-rel=\"iLightbox[gallery_image_1]\" class=\"fusion-lightbox\" target=\"_self\"><img decoding=\"async\" src=\"https:\/\/sertv.gob.pa\/crisolfm\/wp-content\/uploads\/sites\/2\/2024\/08\/CLINICA-DE-HERIDAS-VERAGUAS-4.jpeg\" width=\"600\" height=\"400\" alt=\"\" title=\"CL\u00cdNICA DE HERIDAS VERAGUAS 4\" aria-label=\"CL\u00cdNICA DE HERIDAS VERAGUAS 4\" class=\"img-responsive wp-image-63483\" srcset=\"https:\/\/sertv.gob.pa\/crisolfm\/wp-content\/uploads\/sites\/2\/2024\/08\/CLINICA-DE-HERIDAS-VERAGUAS-4-200x133.jpeg 200w, https:\/\/sertv.gob.pa\/crisolfm\/wp-content\/uploads\/sites\/2\/2024\/08\/CLINICA-DE-HERIDAS-VERAGUAS-4-400x267.jpeg 400w, https:\/\/sertv.gob.pa\/crisolfm\/wp-content\/uploads\/sites\/2\/2024\/08\/CLINICA-DE-HERIDAS-VERAGUAS-4.jpeg 600w\" sizes=\"(min-width: 2200px) 100vw, (min-width: 784px) 363px, (min-width: 712px) 545px, (min-width: 640px) 712px, \" \/><\/a><\/div><\/div><\/div><\/div><\/div><\/div><\/div><\/div>\n","protected":false},"excerpt":{"rendered":"","protected":false},"author":9,"featured_media":63480,"comment_status":"closed","ping_status":"closed","sticky":false,"template":"","format":"standard","meta":{"footnotes":""},"categories":[14],"tags":[],"class_list":["post-63479","post","type-post","status-publish","format-standard","has-post-thumbnail","hentry","category-salud"],"_links":{"self":[{"href":"https:\/\/sertv.gob.pa\/crisolfm\/wp-json\/wp\/v2\/posts\/63479","targetHints":{"allow":["GET"]}}],"collection":[{"href":"https:\/\/sertv.gob.pa\/crisolfm\/wp-json\/wp\/v2\/posts"}],"about":[{"href":"https:\/\/sertv.gob.pa\/crisolfm\/wp-json\/wp\/v2\/types\/post"}],"author":[{"embeddable":true,"href":"https:\/\/sertv.gob.pa\/crisolfm\/wp-json\/wp\/v2\/users\/9"}],"replies":[{"embeddable":true,"href":"https:\/\/sertv.gob.pa\/crisolfm\/wp-json\/wp\/v2\/comments?post=63479"}],"version-history":[{"count":2,"href":"https:\/\/sertv.gob.pa\/crisolfm\/wp-json\/wp\/v2\/posts\/63479\/revisions"}],"predecessor-version":[{"id":63485,"href":"https:\/\/sertv.gob.pa\/crisolfm\/wp-json\/wp\/v2\/posts\/63479\/revisions\/63485"}],"wp:featuredmedia":[{"embeddable":true,"href":"https:\/\/sertv.gob.pa\/crisolfm\/wp-json\/wp\/v2\/media\/63480"}],"wp:attachment":[{"href":"https:\/\/sertv.gob.pa\/crisolfm\/wp-json\/wp\/v2\/media?parent=63479"}],"wp:term":[{"taxonomy":"category","embeddable":true,"href":"https:\/\/sertv.gob.pa\/crisolfm\/wp-json\/wp\/v2\/categories?post=63479"},{"taxonomy":"post_tag","embeddable":true,"href":"https:\/\/sertv.gob.pa\/crisolfm\/wp-json\/wp\/v2\/tags?post=63479"}],"curies":[{"name":"wp","href":"https:\/\/api.w.org\/{rel}","templated":true}]}}