{"id":6348,"date":"2016-10-04T15:28:04","date_gmt":"2016-10-04T15:28:04","guid":{"rendered":""},"modified":"2016-10-04T15:28:04","modified_gmt":"2016-10-04T15:28:04","slug":"explosiones-en-volcan-ubinas-de-peru-lanzan-cenizas","status":"publish","type":"post","link":"https:\/\/sertv.gob.pa\/crisolfm\/explosiones-en-volcan-ubinas-de-peru-lanzan-cenizas\/","title":{"rendered":"Explosiones en volc\u00e1n Ubinas de Per\u00fa lanzan cenizas"},"content":{"rendered":"<p>\nEl volc\u00e1n Ubinas, el m\u00e1s activo de Per\u00fa, registr\u00f3 3 explosiones en un per\u00edodo de siete horas que lanzaron cenizas desde su cr\u00e1ter en columnas que alcanzaron los 2.000 metros de altura, inform\u00f3 el Comit\u00e9 Cient\u00edfico de Monitoreo Permanente de ese volc\u00e1n. <\/p>\n<p>La primera de las explosiones fue la m\u00e1s intensa, al liberar una energ\u00eda de 19 megajoules y expulsar una gran cantidad de ceniza hacia el noreste del cr\u00e1ter que afect\u00f3 a los pueblos de Santa Rosa de Phara y Yanapuqui. <\/p>\n<p>La \u00faltima explosi\u00f3n form\u00f3 una columna eruptiva que lleg\u00f3 hasta los 2.000 metros sobre la base del cr\u00e1ter luego de \u00a0liberar una energ\u00eda de tres megajoules. <\/p>\n<p>La ceniza de ese \u00faltimo evento se dispers\u00f3 en un primer momento hacia el sureste del volc\u00e1n y cay\u00f3 sobre el pueblo de Ubinas, pero un cambio en la direcci\u00f3n del viento hizo que terminara por diluirse hacia la vertiente suroeste del macizo. <\/p>\n<p>El Comit\u00e9 Cient\u00edfico de Monitoreo Permanente, integrado por el Observatorio Vulcanol\u00f3gico del Sur (OVS) y el Observatorio Vulcanol\u00f3gico del Instituto Geol\u00f3gico Minero y Metal\u00fargico (Ingemmet), advirti\u00f3 la pasada semana la posibilidad de nuevas explosiones tras detectar un ascenso de magma dentro del volc\u00e1n. <\/p>\n<p>\u00a0 <\/p>\n","protected":false},"excerpt":{"rendered":"<p>El volc\u00e1n Ubinas, el m\u00e1s activo de Per\u00fa, registr\u00f3 3 <a href=\"https:\/\/sertv.gob.pa\/crisolfm\/explosiones-en-volcan-ubinas-de-peru-lanzan-cenizas\/\"> [&#8230;]<\/a><\/p>\n","protected":false},"author":1,"featured_media":6349,"comment_status":"closed","ping_status":"closed","sticky":false,"template":"","format":"standard","meta":{"footnotes":""},"categories":[7],"tags":[],"class_list":["post-6348","post","type-post","status-publish","format-standard","has-post-thumbnail","hentry","category-ecologicas"],"_links":{"self":[{"href":"https:\/\/sertv.gob.pa\/crisolfm\/wp-json\/wp\/v2\/posts\/6348","targetHints":{"allow":["GET"]}}],"collection":[{"href":"https:\/\/sertv.gob.pa\/crisolfm\/wp-json\/wp\/v2\/posts"}],"about":[{"href":"https:\/\/sertv.gob.pa\/crisolfm\/wp-json\/wp\/v2\/types\/post"}],"author":[{"embeddable":true,"href":"https:\/\/sertv.gob.pa\/crisolfm\/wp-json\/wp\/v2\/users\/1"}],"replies":[{"embeddable":true,"href":"https:\/\/sertv.gob.pa\/crisolfm\/wp-json\/wp\/v2\/comments?post=6348"}],"version-history":[{"count":0,"href":"https:\/\/sertv.gob.pa\/crisolfm\/wp-json\/wp\/v2\/posts\/6348\/revisions"}],"wp:featuredmedia":[{"embeddable":true,"href":"https:\/\/sertv.gob.pa\/crisolfm\/wp-json\/wp\/v2\/media\/6349"}],"wp:attachment":[{"href":"https:\/\/sertv.gob.pa\/crisolfm\/wp-json\/wp\/v2\/media?parent=6348"}],"wp:term":[{"taxonomy":"category","embeddable":true,"href":"https:\/\/sertv.gob.pa\/crisolfm\/wp-json\/wp\/v2\/categories?post=6348"},{"taxonomy":"post_tag","embeddable":true,"href":"https:\/\/sertv.gob.pa\/crisolfm\/wp-json\/wp\/v2\/tags?post=6348"}],"curies":[{"name":"wp","href":"https:\/\/api.w.org\/{rel}","templated":true}]}}