{"id":63486,"date":"2024-08-13T17:25:57","date_gmt":"2024-08-13T17:25:57","guid":{"rendered":"https:\/\/sertv.gob.pa\/crisolfm\/?p=63486"},"modified":"2024-08-13T17:25:57","modified_gmt":"2024-08-13T17:25:57","slug":"minsa-conmemora-el-dia-internacional-de-la-juventud-con-diversas-actividades","status":"publish","type":"post","link":"https:\/\/sertv.gob.pa\/crisolfm\/minsa-conmemora-el-dia-internacional-de-la-juventud-con-diversas-actividades\/","title":{"rendered":"MINSA conmemora el D\u00eda Internacional de la Juventud con diversas actividades"},"content":{"rendered":"<p><strong><em>La coordinaci\u00f3n de Ni\u00f1ez\u00a0y Adolescencia, los departamentos de Trabajo Social y de Educaci\u00f3n para la Salud; y la oficina AID FOR AID del Ministerio de Salud, Regi\u00f3n de Chiriqu\u00ed, participaron en la celebraci\u00f3n del D\u00eda Mundial de la Juventud.<\/em><\/strong><\/p>\n<p><strong><em>Tras marchar por la ciudad de David, delegaciones de planteles educativos, de grupos c\u00edvicos, de gobiernos locales y de instituciones p\u00fablicas, se concentraron en el parque Miguel De Cervantes Saavedra, para exaltar la importancia de apoyar el desarrollo integral de los j\u00f3venes.<\/em><\/strong><\/p>\n<p><strong><em>La coordinadora del Ni\u00f1ez\u00a0y Adolescencia, Dra. Aura Sousa indic\u00f3 que el lema \u201cDe los Clip al Progreso\u201d designado al D\u00eda Mundial de la Juventud 2024, corresponde al impacto y magnitud que tiene el uso del ciberespacio en la actual generaci\u00f3n.\u00a0<\/em><\/strong><\/p>\n<p><strong><em>Durante el evento organizado por el Ministerio de Desarrollo Social se enfatiz\u00f3 en la necesidad de fomentar entre la juventud y la sociedad general, la concienciaci\u00f3n sobre los derechos que confiere el estado a este segmento de la poblaci\u00f3n.<\/em><\/strong><\/p>\n<p><strong><em>Respecto al componente de salud p\u00fablica, las autoridades del MINSA destacaron la importancia del saneamiento ambiental, la prevenci\u00f3n de enfermedades y la atenci\u00f3n integral f\u00edsico-mental de ni\u00f1os y adolescentes.<\/em><\/strong><\/p>\n<p><strong><em>\u00a0<\/em><\/strong><\/p>\n<p>Fuente: MINSA<\/p>\n","protected":false},"excerpt":{"rendered":"<p>La coordinaci\u00f3n de Ni\u00f1ez\u00a0y Adolescencia, los departamentos de Trabajo Social <a href=\"https:\/\/sertv.gob.pa\/crisolfm\/minsa-conmemora-el-dia-internacional-de-la-juventud-con-diversas-actividades\/\"> [&#8230;]<\/a><\/p>\n","protected":false},"author":9,"featured_media":63487,"comment_status":"closed","ping_status":"closed","sticky":false,"template":"","format":"standard","meta":{"footnotes":""},"categories":[14],"tags":[],"class_list":["post-63486","post","type-post","status-publish","format-standard","has-post-thumbnail","hentry","category-salud"],"_links":{"self":[{"href":"https:\/\/sertv.gob.pa\/crisolfm\/wp-json\/wp\/v2\/posts\/63486","targetHints":{"allow":["GET"]}}],"collection":[{"href":"https:\/\/sertv.gob.pa\/crisolfm\/wp-json\/wp\/v2\/posts"}],"about":[{"href":"https:\/\/sertv.gob.pa\/crisolfm\/wp-json\/wp\/v2\/types\/post"}],"author":[{"embeddable":true,"href":"https:\/\/sertv.gob.pa\/crisolfm\/wp-json\/wp\/v2\/users\/9"}],"replies":[{"embeddable":true,"href":"https:\/\/sertv.gob.pa\/crisolfm\/wp-json\/wp\/v2\/comments?post=63486"}],"version-history":[{"count":1,"href":"https:\/\/sertv.gob.pa\/crisolfm\/wp-json\/wp\/v2\/posts\/63486\/revisions"}],"predecessor-version":[{"id":63488,"href":"https:\/\/sertv.gob.pa\/crisolfm\/wp-json\/wp\/v2\/posts\/63486\/revisions\/63488"}],"wp:featuredmedia":[{"embeddable":true,"href":"https:\/\/sertv.gob.pa\/crisolfm\/wp-json\/wp\/v2\/media\/63487"}],"wp:attachment":[{"href":"https:\/\/sertv.gob.pa\/crisolfm\/wp-json\/wp\/v2\/media?parent=63486"}],"wp:term":[{"taxonomy":"category","embeddable":true,"href":"https:\/\/sertv.gob.pa\/crisolfm\/wp-json\/wp\/v2\/categories?post=63486"},{"taxonomy":"post_tag","embeddable":true,"href":"https:\/\/sertv.gob.pa\/crisolfm\/wp-json\/wp\/v2\/tags?post=63486"}],"curies":[{"name":"wp","href":"https:\/\/api.w.org\/{rel}","templated":true}]}}