{"id":63489,"date":"2024-08-13T18:03:59","date_gmt":"2024-08-13T18:03:59","guid":{"rendered":"https:\/\/sertv.gob.pa\/crisolfm\/?p=63489"},"modified":"2024-08-13T18:03:59","modified_gmt":"2024-08-13T18:03:59","slug":"autoridades-rusas-anuncian-la-evacuacion-de-otro-distrito-de-kursk-por-la-incursion-militar-de-ucrania","status":"publish","type":"post","link":"https:\/\/sertv.gob.pa\/crisolfm\/autoridades-rusas-anuncian-la-evacuacion-de-otro-distrito-de-kursk-por-la-incursion-militar-de-ucrania\/","title":{"rendered":"Autoridades rusas anuncian la evacuaci\u00f3n de otro distrito de Kursk por la incursi\u00f3n militar de Ucrania"},"content":{"rendered":"<p><strong><em>Mosc\u00fa (EFE).- <\/em><\/strong><em>Las autoridades del distrito de Bolshesoldatski en la regi\u00f3n rusa de Kursk, donde Ucrania lleva a cabo una operaci\u00f3n militar desde el pasado 6 de agosto, anunciaron este martes la evacuaci\u00f3n de la poblaci\u00f3n ante la inestable situaci\u00f3n en la zona.\u00a0<\/em><\/p>\n<p><em>\u201cHasta ahora no hab\u00eda una evacuaci\u00f3n en nuestro distrito. Los que quer\u00edan, se marchaban por su cuenta y nadie les pon\u00eda pegas. Hoy empezamos a recoger los datos de las personas que s\u00ed necesitan ser evacuadas\u201d, escribi\u00f3 el dirigente local, Vlad\u00edmir Zaitsev, en su canal de Telegram.<\/em><\/p>\n","protected":false},"excerpt":{"rendered":"<p>Mosc\u00fa (EFE).- Las autoridades del distrito de Bolshesoldatski en la <a href=\"https:\/\/sertv.gob.pa\/crisolfm\/autoridades-rusas-anuncian-la-evacuacion-de-otro-distrito-de-kursk-por-la-incursion-militar-de-ucrania\/\"> [&#8230;]<\/a><\/p>\n","protected":false},"author":9,"featured_media":63490,"comment_status":"closed","ping_status":"closed","sticky":false,"template":"","format":"standard","meta":{"footnotes":""},"categories":[13],"tags":[],"class_list":["post-63489","post","type-post","status-publish","format-standard","has-post-thumbnail","hentry","category-internacionales"],"_links":{"self":[{"href":"https:\/\/sertv.gob.pa\/crisolfm\/wp-json\/wp\/v2\/posts\/63489","targetHints":{"allow":["GET"]}}],"collection":[{"href":"https:\/\/sertv.gob.pa\/crisolfm\/wp-json\/wp\/v2\/posts"}],"about":[{"href":"https:\/\/sertv.gob.pa\/crisolfm\/wp-json\/wp\/v2\/types\/post"}],"author":[{"embeddable":true,"href":"https:\/\/sertv.gob.pa\/crisolfm\/wp-json\/wp\/v2\/users\/9"}],"replies":[{"embeddable":true,"href":"https:\/\/sertv.gob.pa\/crisolfm\/wp-json\/wp\/v2\/comments?post=63489"}],"version-history":[{"count":1,"href":"https:\/\/sertv.gob.pa\/crisolfm\/wp-json\/wp\/v2\/posts\/63489\/revisions"}],"predecessor-version":[{"id":63491,"href":"https:\/\/sertv.gob.pa\/crisolfm\/wp-json\/wp\/v2\/posts\/63489\/revisions\/63491"}],"wp:featuredmedia":[{"embeddable":true,"href":"https:\/\/sertv.gob.pa\/crisolfm\/wp-json\/wp\/v2\/media\/63490"}],"wp:attachment":[{"href":"https:\/\/sertv.gob.pa\/crisolfm\/wp-json\/wp\/v2\/media?parent=63489"}],"wp:term":[{"taxonomy":"category","embeddable":true,"href":"https:\/\/sertv.gob.pa\/crisolfm\/wp-json\/wp\/v2\/categories?post=63489"},{"taxonomy":"post_tag","embeddable":true,"href":"https:\/\/sertv.gob.pa\/crisolfm\/wp-json\/wp\/v2\/tags?post=63489"}],"curies":[{"name":"wp","href":"https:\/\/api.w.org\/{rel}","templated":true}]}}