{"id":63530,"date":"2024-08-14T15:28:35","date_gmt":"2024-08-14T15:28:35","guid":{"rendered":"https:\/\/sertv.gob.pa\/crisolfm\/?p=63530"},"modified":"2024-08-14T15:28:35","modified_gmt":"2024-08-14T15:28:35","slug":"continuan-las-capacitaciones-para-manipuladores-de-alimentos-en-los-santos","status":"publish","type":"post","link":"https:\/\/sertv.gob.pa\/crisolfm\/continuan-las-capacitaciones-para-manipuladores-de-alimentos-en-los-santos\/","title":{"rendered":"Contin\u00faan las capacitaciones para manipuladores de alimentos en Los Santos"},"content":{"rendered":"<p><strong><em>Un total de 28 personas, recibieron este martes, la capacitaci\u00f3n que les permite obtener el carnet de manipulador de alimentos, requisito indispensable para ejercer labores que involucran el contacto con productos alimenticios y bebidas.<\/em><\/strong><\/p>\n<p><strong><em>La charla est\u00e1 compuesta por diversos m\u00f3dulos, entre ellos: higiene personal y al manipular los alimentos, cadena alimentaria, enfermedades transmitidas por alimentos y zoonosis.<\/em><\/strong><\/p>\n<p><strong><em>Para obtener el carnet blanco, se requiere un certificado de buena salud y para tramitar el verde, se le solicita al interesado presentarse a la charla con copia del carnet blanco, dos fotos tama\u00f1o carnet, copia de cedula y el pago de B\/. 10.00 balboas.<\/em><\/strong><\/p>\n<p><strong><em>Los departamentos de Saneamiento Ambiental, Control de Alimentos y Vigilancia Veterinaria continuar\u00e1n con las charlas para manipuladores los d\u00edas: martes 20 de agosto en el MINSA-CAPSI de Las Tablas, jueves, 22 de agosto en MINSA-CAPSI de La Villa y el martes, 27 de agosto en el MINSA-CAPSI de Pedas\u00ed.<\/em><\/strong><\/p>\n<p><strong><em>La Regi\u00f3n de Salud de Los Santos, entreg\u00f3 durante el primer semestre del a\u00f1o un total de 855 carnet de manipulador de alimentos.<\/em><\/strong><\/p>\n<p><strong><em>Con regularidad, el personal sanitario solicita ambos documentos y verifican adem\u00e1s la vestimenta de los manipuladores, el uso de redecillas, la cadena de frio, contaminaci\u00f3n cruzada, condiciones del establecimiento, manejo de aguas, entre otras.<\/em><\/strong><\/p>\n<p><strong><em>\u00a0<\/em><\/strong><\/p>\n<p>Fuente: MINSA<\/p>\n","protected":false},"excerpt":{"rendered":"<p>Un total de 28 personas, recibieron este martes, la capacitaci\u00f3n <a href=\"https:\/\/sertv.gob.pa\/crisolfm\/continuan-las-capacitaciones-para-manipuladores-de-alimentos-en-los-santos\/\"> [&#8230;]<\/a><\/p>\n","protected":false},"author":9,"featured_media":63532,"comment_status":"closed","ping_status":"closed","sticky":false,"template":"","format":"standard","meta":{"footnotes":""},"categories":[14],"tags":[],"class_list":["post-63530","post","type-post","status-publish","format-standard","has-post-thumbnail","hentry","category-salud"],"_links":{"self":[{"href":"https:\/\/sertv.gob.pa\/crisolfm\/wp-json\/wp\/v2\/posts\/63530","targetHints":{"allow":["GET"]}}],"collection":[{"href":"https:\/\/sertv.gob.pa\/crisolfm\/wp-json\/wp\/v2\/posts"}],"about":[{"href":"https:\/\/sertv.gob.pa\/crisolfm\/wp-json\/wp\/v2\/types\/post"}],"author":[{"embeddable":true,"href":"https:\/\/sertv.gob.pa\/crisolfm\/wp-json\/wp\/v2\/users\/9"}],"replies":[{"embeddable":true,"href":"https:\/\/sertv.gob.pa\/crisolfm\/wp-json\/wp\/v2\/comments?post=63530"}],"version-history":[{"count":1,"href":"https:\/\/sertv.gob.pa\/crisolfm\/wp-json\/wp\/v2\/posts\/63530\/revisions"}],"predecessor-version":[{"id":63533,"href":"https:\/\/sertv.gob.pa\/crisolfm\/wp-json\/wp\/v2\/posts\/63530\/revisions\/63533"}],"wp:featuredmedia":[{"embeddable":true,"href":"https:\/\/sertv.gob.pa\/crisolfm\/wp-json\/wp\/v2\/media\/63532"}],"wp:attachment":[{"href":"https:\/\/sertv.gob.pa\/crisolfm\/wp-json\/wp\/v2\/media?parent=63530"}],"wp:term":[{"taxonomy":"category","embeddable":true,"href":"https:\/\/sertv.gob.pa\/crisolfm\/wp-json\/wp\/v2\/categories?post=63530"},{"taxonomy":"post_tag","embeddable":true,"href":"https:\/\/sertv.gob.pa\/crisolfm\/wp-json\/wp\/v2\/tags?post=63530"}],"curies":[{"name":"wp","href":"https:\/\/api.w.org\/{rel}","templated":true}]}}