{"id":6354,"date":"2016-10-04T18:37:37","date_gmt":"2016-10-04T18:37:37","guid":{"rendered":""},"modified":"2016-10-04T18:37:37","modified_gmt":"2016-10-04T18:37:37","slug":"cambio-climatico-afecta-al-artico-alerto-omm","status":"publish","type":"post","link":"https:\/\/sertv.gob.pa\/crisolfm\/cambio-climatico-afecta-al-artico-alerto-omm\/","title":{"rendered":"Cambio clim\u00e1tico afecta al \u00c1rtico, alert\u00f3 OMM"},"content":{"rendered":"<p>\nEl cambio clim\u00e1tico, cuya temperatura aumenta a un ritmo sin precedentes, est\u00e1 afectando especialmente al \u00c1rtico, alert\u00f3 la Organizaci\u00f3n Mundial de la Meteorolog\u00eda (OMM). <\/p>\n<p>El calentamiento extremo y sin precedentes que se registra actualmente en el \u00c1rtico provoca una elevaci\u00f3n del nivel del mar, que afecta a los reg\u00edmenes meteorol\u00f3gicos de todo el mundo y puede incluso ocasionar nuevos cambios en el clima, advirti\u00f3. <\/p>\n<p>La velocidad a la que se produce el cambio supone un desaf\u00edo para los cient\u00edficos, manifest\u00f3 la OMM, quien llam\u00f3 a crear un Observatorio del \u00c1rtico, que coordine los centros cient\u00edficos de la regi\u00f3n y en el que participen otras naciones. &lsquo;Tenemos los datos y tenemos el &lsquo;momento pol\u00edtico&#8217; debemos actuar ahora&#8217;, afirm\u00f3 en rueda de prensa Petteri Taalas, secretario general de la OMM. <\/p>\n<p>&lsquo;La fusi\u00f3n de la nieve y de la cubierta de hielo tiene grav\u00edsimas consecuencias ambientales y podr\u00eda contribuir a modificar la configuraci\u00f3n de la circulaci\u00f3n oce\u00e1nica y atmosf\u00e9rica&#8217;, a\u00f1adi\u00f3. <\/p>\n<p>Las declaraciones de Taalas coincidieron con la primera reuni\u00f3n sobre las Ciencias del \u00c1rtico que se celebr\u00f3 en Washington y que reuni\u00f3 a los pa\u00edses miembros del Consejo del \u00c1rtico. <\/p>\n<p>\u00a0 <\/p>\n","protected":false},"excerpt":{"rendered":"<p>El cambio clim\u00e1tico, cuya temperatura aumenta a un ritmo sin <a href=\"https:\/\/sertv.gob.pa\/crisolfm\/cambio-climatico-afecta-al-artico-alerto-omm\/\"> [&#8230;]<\/a><\/p>\n","protected":false},"author":1,"featured_media":6355,"comment_status":"closed","ping_status":"closed","sticky":false,"template":"","format":"standard","meta":{"footnotes":""},"categories":[7],"tags":[],"class_list":["post-6354","post","type-post","status-publish","format-standard","has-post-thumbnail","hentry","category-ecologicas"],"_links":{"self":[{"href":"https:\/\/sertv.gob.pa\/crisolfm\/wp-json\/wp\/v2\/posts\/6354","targetHints":{"allow":["GET"]}}],"collection":[{"href":"https:\/\/sertv.gob.pa\/crisolfm\/wp-json\/wp\/v2\/posts"}],"about":[{"href":"https:\/\/sertv.gob.pa\/crisolfm\/wp-json\/wp\/v2\/types\/post"}],"author":[{"embeddable":true,"href":"https:\/\/sertv.gob.pa\/crisolfm\/wp-json\/wp\/v2\/users\/1"}],"replies":[{"embeddable":true,"href":"https:\/\/sertv.gob.pa\/crisolfm\/wp-json\/wp\/v2\/comments?post=6354"}],"version-history":[{"count":0,"href":"https:\/\/sertv.gob.pa\/crisolfm\/wp-json\/wp\/v2\/posts\/6354\/revisions"}],"wp:featuredmedia":[{"embeddable":true,"href":"https:\/\/sertv.gob.pa\/crisolfm\/wp-json\/wp\/v2\/media\/6355"}],"wp:attachment":[{"href":"https:\/\/sertv.gob.pa\/crisolfm\/wp-json\/wp\/v2\/media?parent=6354"}],"wp:term":[{"taxonomy":"category","embeddable":true,"href":"https:\/\/sertv.gob.pa\/crisolfm\/wp-json\/wp\/v2\/categories?post=6354"},{"taxonomy":"post_tag","embeddable":true,"href":"https:\/\/sertv.gob.pa\/crisolfm\/wp-json\/wp\/v2\/tags?post=6354"}],"curies":[{"name":"wp","href":"https:\/\/api.w.org\/{rel}","templated":true}]}}